{"id":32146,"date":"2017-07-26T22:19:23","date_gmt":"2017-07-27T01:19:23","guid":{"rendered":"http:\/\/www.cordobatimes.com\/deportes\/?p=32146"},"modified":"2017-07-26T23:00:49","modified_gmt":"2017-07-27T02:00:49","slug":"la-seleccion-argentina-volvera-la-zona-clasificacion-directa-fallo-del-tas","status":"publish","type":"post","link":"https:\/\/www.cordobatimes.com\/deportes\/futbol\/2017\/07\/26\/la-seleccion-argentina-volvera-la-zona-clasificacion-directa-fallo-del-tas\/","title":{"rendered":"La Selecci\u00f3n Argentina volver\u00e1 a la zona de clasificaci\u00f3n directa por un fallo del TAS"},"content":{"rendered":"<h3 style=\"text-align: left;\"><strong>El m\u00e1ximo tribunal internacional del deporte modificar\u00e1 una sanci\u00f3n de la FIFA que le hab\u00eda otorgado dos puntos extra a Chile, de esta manera,\u00a0el equipo nacional subir\u00e1 al cuarto puesto.<\/strong><\/h3>\n<p>Argentina recibir\u00e1 muy buenas noticias en los pr\u00f3ximos d\u00edas. Tras una presentaci\u00f3n conjunta de varias asociaciones, entre las que estuvo la AFA, el Tribunal Arbitral del Deporte (TAS) le quitar\u00e1 a Chile dos puntos, por lo que la selecci\u00f3n que ahora dirige Jorge Sampaoli volver\u00e1 a ingresar en los puestos de clasificaci\u00f3n directa para el Mundial Rusia 2018, seg\u00fan public\u00f3 hoy La Naci\u00f3n.<br \/>\nEn el proceso por el reclamo ante el TAS, con sede en Lausana, surgi\u00f3 un brusco cambio cuando el Tribunal acept\u00f3, en mayo pasado, que la Argentina, junto con Ecuador, Uruguay, Paraguay y Colombia ingresaran en el desarrollo de la apelaci\u00f3n por el Caso Cabrera. La sanci\u00f3n se har\u00e1 p\u00fablica en los pr\u00f3ximos 15 d\u00edas, antes de la disputa de la pr\u00f3xima ventana de las eliminatorias sudamericanas, del 31 de agosto y el 5 de septiembre.<br \/>\nEn este momento, Uruguay y Chile comparten el tercer puesto de la tabla de posiciones con 23 puntos, mientras que la Argentina se encuentra en el quinto lugar, con 22. Con el fallo del TAS, el reposicicionamiento dejar\u00e1 a la selecci\u00f3n en la cuarta ubicaci\u00f3n, con un punto por encima de Chile, que caer\u00e1 a la zona de repechaje.<\/p>\n<p><strong>Fuente : Diario \u00a0El Tribuno<\/strong><\/p>\n","protected":false},"excerpt":{"rendered":"<p>El m\u00e1ximo tribunal internacional del deporte modificar\u00e1 una sanci\u00f3n de la FIFA que le hab\u00eda otorgado dos puntos extra a Chile, de esta manera,\u00a0el equipo nacional subir\u00e1 al cuarto puesto. Argentina recibir\u00e1 muy buenas noticias en los pr\u00f3ximos d\u00edas. Tras una presentaci\u00f3n conjunta de varias asociaciones, entre las que estuvo la AFA, el Tribunal Arbitral [&hellip;]<\/p>\n","protected":false},"author":27,"featured_media":32147,"comment_status":"closed","ping_status":"closed","sticky":false,"template":"","format":"standard","meta":{"_seopress_robots_primary_cat":"","_seopress_titles_title":"","_seopress_titles_desc":"","_seopress_robots_index":"","footnotes":""},"categories":[2,5905,5904],"tags":[5970,5538,542],"class_list":["post-32146","post","type-post","status-publish","format-standard","has-post-thumbnail","hentry","category-futbol","category-mundial-rusia-2018","category-seleccion-argentina","tag-eliminatorias-2018","tag-mundial-de-rusia-2018","tag-seleccion-argentina"],"_links":{"self":[{"href":"https:\/\/www.cordobatimes.com\/deportes\/wp-json\/wp\/v2\/posts\/32146","targetHints":{"allow":["GET"]}}],"collection":[{"href":"https:\/\/www.cordobatimes.com\/deportes\/wp-json\/wp\/v2\/posts"}],"about":[{"href":"https:\/\/www.cordobatimes.com\/deportes\/wp-json\/wp\/v2\/types\/post"}],"author":[{"embeddable":true,"href":"https:\/\/www.cordobatimes.com\/deportes\/wp-json\/wp\/v2\/users\/27"}],"replies":[{"embeddable":true,"href":"https:\/\/www.cordobatimes.com\/deportes\/wp-json\/wp\/v2\/comments?post=32146"}],"version-history":[{"count":0,"href":"https:\/\/www.cordobatimes.com\/deportes\/wp-json\/wp\/v2\/posts\/32146\/revisions"}],"wp:featuredmedia":[{"embeddable":true,"href":"https:\/\/www.cordobatimes.com\/deportes\/wp-json\/wp\/v2\/media\/32147"}],"wp:attachment":[{"href":"https:\/\/www.cordobatimes.com\/deportes\/wp-json\/wp\/v2\/media?parent=32146"}],"wp:term":[{"taxonomy":"category","embeddable":true,"href":"https:\/\/www.cordobatimes.com\/deportes\/wp-json\/wp\/v2\/categories?post=32146"},{"taxonomy":"post_tag","embeddable":true,"href":"https:\/\/www.cordobatimes.com\/deportes\/wp-json\/wp\/v2\/tags?post=32146"}],"curies":[{"name":"wp","href":"https:\/\/api.w.org\/{rel}","templated":true}]}}