{"id":32069,"date":"2017-07-25T16:42:44","date_gmt":"2017-07-25T19:42:44","guid":{"rendered":"http:\/\/www.cordobatimes.com\/deportes\/?p=32069"},"modified":"2017-07-26T15:09:35","modified_gmt":"2017-07-26T18:09:35","slug":"copa-sudamericana-defensa-justicia-juega-partido-vuelta-brasil-chapecoense","status":"publish","type":"post","link":"https:\/\/www.cordobatimes.com\/deportes\/futbol\/2017\/07\/25\/copa-sudamericana-defensa-justicia-juega-partido-vuelta-brasil-chapecoense\/","title":{"rendered":"Sudamericana: Defensa y Justicia perdi\u00f3 por penales y qued\u00f3 eliminado"},"content":{"rendered":"<h3 style=\"text-align: left;\"><strong>En el partido de vuelta por los 16avos de la Copa, el &#8220;Halc\u00f3n&#8221; cay\u00f3 ante Chapecoense en Brasil (4-2) en los penales y se qued\u00f3 eliminado del certamen. Los brasile\u00f1os hab\u00edan ganado en los 90 minutos 1 a 0 con gol de Tulio de Melo, resultado que los llev\u00f3 a la definici\u00f3n desde los doce pasos.<\/strong><\/h3>\n<p><strong>El resumen del partido con el gol y los penales:<\/strong><\/p>\n<p><iframe loading=\"lazy\" src=\"https:\/\/www.youtube.com\/embed\/-3OHm7n-XMU\" width=\"350\" height=\"350\" frameborder=\"0\" allowfullscreen=\"allowfullscreen\"><\/iframe><\/p>\n","protected":false},"excerpt":{"rendered":"<p>En el partido de vuelta por los 16avos de la Copa, el &#8220;Halc\u00f3n&#8221; cay\u00f3 ante Chapecoense en Brasil (4-2) en los penales y se qued\u00f3 eliminado del certamen. Los brasile\u00f1os hab\u00edan ganado en los 90 minutos 1 a 0 con gol de Tulio de Melo, resultado que los llev\u00f3 a la definici\u00f3n desde los doce [&hellip;]<\/p>\n","protected":false},"author":27,"featured_media":32101,"comment_status":"closed","ping_status":"closed","sticky":false,"template":"","format":"standard","meta":{"_seopress_robots_primary_cat":"","_seopress_titles_title":"","_seopress_titles_desc":"","_seopress_robots_index":"","footnotes":""},"categories":[23,2],"tags":[5961,5570,360],"class_list":["post-32069","post","type-post","status-publish","format-standard","has-post-thumbnail","hentry","category-copa-sudamericana","category-futbol","tag-chapecoense","tag-copa-sudamericana","tag-defensa-y-justicia"],"_links":{"self":[{"href":"https:\/\/www.cordobatimes.com\/deportes\/wp-json\/wp\/v2\/posts\/32069","targetHints":{"allow":["GET"]}}],"collection":[{"href":"https:\/\/www.cordobatimes.com\/deportes\/wp-json\/wp\/v2\/posts"}],"about":[{"href":"https:\/\/www.cordobatimes.com\/deportes\/wp-json\/wp\/v2\/types\/post"}],"author":[{"embeddable":true,"href":"https:\/\/www.cordobatimes.com\/deportes\/wp-json\/wp\/v2\/users\/27"}],"replies":[{"embeddable":true,"href":"https:\/\/www.cordobatimes.com\/deportes\/wp-json\/wp\/v2\/comments?post=32069"}],"version-history":[{"count":0,"href":"https:\/\/www.cordobatimes.com\/deportes\/wp-json\/wp\/v2\/posts\/32069\/revisions"}],"wp:featuredmedia":[{"embeddable":true,"href":"https:\/\/www.cordobatimes.com\/deportes\/wp-json\/wp\/v2\/media\/32101"}],"wp:attachment":[{"href":"https:\/\/www.cordobatimes.com\/deportes\/wp-json\/wp\/v2\/media?parent=32069"}],"wp:term":[{"taxonomy":"category","embeddable":true,"href":"https:\/\/www.cordobatimes.com\/deportes\/wp-json\/wp\/v2\/categories?post=32069"},{"taxonomy":"post_tag","embeddable":true,"href":"https:\/\/www.cordobatimes.com\/deportes\/wp-json\/wp\/v2\/tags?post=32069"}],"curies":[{"name":"wp","href":"https:\/\/api.w.org\/{rel}","templated":true}]}}