{"id":31985,"date":"2017-07-22T17:01:45","date_gmt":"2017-07-22T20:01:45","guid":{"rendered":"http:\/\/www.cordobatimes.com\/deportes\/?p=31985"},"modified":"2017-07-22T17:12:06","modified_gmt":"2017-07-22T20:12:06","slug":"hockey-masculino-publican-la-nomina-de-convocados-para-la-copa-panamericana","status":"publish","type":"post","link":"https:\/\/www.cordobatimes.com\/deportes\/hockey\/2017\/07\/22\/hockey-masculino-publican-la-nomina-de-convocados-para-la-copa-panamericana\/","title":{"rendered":"Hockey Masculino: publican la n\u00f3mina de convocados para la Copa Panamericana"},"content":{"rendered":"<h3><strong>El t\u00e9cnico\u00a0de de la Selecci\u00f3n Argentina de Hockey Masculino &#8220;Chapa&#8221; Retegui,<\/strong>\u00a0<strong>dio la lista de los jugadores que viajar\u00e1n\u00a0a los Estados Unidos para disputar\u00a0la Copa Panamericana.<\/strong><\/h3>\n<p>Este mediod\u00eda Carlos Retegui oficializ\u00f3 la lista de 18 jugadores que en los pr\u00f3ximos d\u00edas se embarcar\u00e1n con destino al Estados Unidos para disputar la Copa Panamericana que se desarrollar\u00e1 en Lancaster, del 4 al 12 de agosto.<\/p>\n<p>Argentina (1\u00b0) integrar\u00e1 el Grupo A junto a Estados Unidos (29\u00b0), Chile (26\u00b0) y Venezuela (47\u00b0). El debut de Los Leones tendr\u00e1 lugar el viernes 4 de agosto ante los locales en lo que marcar\u00e1 el primer partido del D\u00eda 1 de competencia, a las 20 hs de nuestro pa\u00eds. El domingo 6, a las 18 horas y en el marco de la segunda fecha, los dirigidos por Retegui se medir\u00e1n ante Chile y cerrar\u00e1n la fase de grupos el martes 8 de agosto frente a Venezuela, a partir de las 13 horas. En el Grupo B participar\u00e1n Brasil, M\u00e9xico, Canad\u00e1 y Trinidad y Tobago.<\/p>\n<p>El formato del torneo continental ser\u00e1 de tres partidos por equipo en cada grupo para definir los cruces de semifinales. De all\u00ed se conocer\u00e1n a los finalistas que jugar\u00e1n por un boleto a la Copa del Mundo de India 2018, lugar que los Leones se aseguraron tras el segundo puesto en la etapa Semifinal de la Liga Mundial jugada en Londres, en junio pasado. Adem\u00e1s, los primeros seis equipos clasificar\u00e1n a la Copa Panamericana 2021. Los equipos ubicados en el 7\u00b0 y 8\u00b0 lugar deber\u00e1n jugar el Panam Challenge 2019.<\/p>\n<p><strong>Lista de Convocados :<\/strong><\/p>\n<p>1 Vivaldi, Juan Manuel<br \/>\n2 Abratte, Agust\u00edn<br \/>\n3 Ibarra, Pedro<br \/>\n4 Gilardi Juan<br \/>\n5 Ortiz, Ignacio<br \/>\n6 Rey, Mat\u00edas<br \/>\n7 Paredes, Mat\u00edas<br \/>\n8 Vila, Lucas<br \/>\n9 L\u00f3pez, Juan Martin<br \/>\n10 Tarazona, Santiago<br \/>\n11 Menini, Joaquin<br \/>\n12 Peillat, Gonzalo<br \/>\n13 Mazzilli, Agust\u00edn<br \/>\n14 Ganly, Marc<br \/>\n15 Casella, Maico<br \/>\n16 Rossi, Lucas<br \/>\n17 Merino, Gonzalo<br \/>\n18 Bugallo, Agust\u00edn<\/p>\n","protected":false},"excerpt":{"rendered":"<p>El t\u00e9cnico\u00a0de de la Selecci\u00f3n Argentina de Hockey Masculino &#8220;Chapa&#8221; Retegui,\u00a0dio la lista de los jugadores que viajar\u00e1n\u00a0a los Estados Unidos para disputar\u00a0la Copa Panamericana. Este mediod\u00eda Carlos Retegui oficializ\u00f3 la lista de 18 jugadores que en los pr\u00f3ximos d\u00edas se embarcar\u00e1n con destino al Estados Unidos para disputar la Copa Panamericana que se desarrollar\u00e1 [&hellip;]<\/p>\n","protected":false},"author":27,"featured_media":31539,"comment_status":"closed","ping_status":"closed","sticky":false,"template":"","format":"standard","meta":{"_seopress_robots_primary_cat":"","_seopress_titles_title":"","_seopress_titles_desc":"","_seopress_robots_index":"","footnotes":""},"categories":[5,6],"tags":[5719,5944,5945,3197,5946,2830,1397],"class_list":["post-31985","post","type-post","status-publish","format-standard","has-post-thumbnail","hentry","category-hockey","category-polideportivo","tag-argentina-vs-eeuu","tag-copa-panamericana","tag-copa-panamericana-de-hockey","tag-hockey-masculino","tag-lancatar","tag-leones","tag-retegui"],"_links":{"self":[{"href":"https:\/\/www.cordobatimes.com\/deportes\/wp-json\/wp\/v2\/posts\/31985","targetHints":{"allow":["GET"]}}],"collection":[{"href":"https:\/\/www.cordobatimes.com\/deportes\/wp-json\/wp\/v2\/posts"}],"about":[{"href":"https:\/\/www.cordobatimes.com\/deportes\/wp-json\/wp\/v2\/types\/post"}],"author":[{"embeddable":true,"href":"https:\/\/www.cordobatimes.com\/deportes\/wp-json\/wp\/v2\/users\/27"}],"replies":[{"embeddable":true,"href":"https:\/\/www.cordobatimes.com\/deportes\/wp-json\/wp\/v2\/comments?post=31985"}],"version-history":[{"count":0,"href":"https:\/\/www.cordobatimes.com\/deportes\/wp-json\/wp\/v2\/posts\/31985\/revisions"}],"wp:featuredmedia":[{"embeddable":true,"href":"https:\/\/www.cordobatimes.com\/deportes\/wp-json\/wp\/v2\/media\/31539"}],"wp:attachment":[{"href":"https:\/\/www.cordobatimes.com\/deportes\/wp-json\/wp\/v2\/media?parent=31985"}],"wp:term":[{"taxonomy":"category","embeddable":true,"href":"https:\/\/www.cordobatimes.com\/deportes\/wp-json\/wp\/v2\/categories?post=31985"},{"taxonomy":"post_tag","embeddable":true,"href":"https:\/\/www.cordobatimes.com\/deportes\/wp-json\/wp\/v2\/tags?post=31985"}],"curies":[{"name":"wp","href":"https:\/\/api.w.org\/{rel}","templated":true}]}}