{"id":31945,"date":"2017-07-20T17:31:35","date_gmt":"2017-07-20T20:31:35","guid":{"rendered":"http:\/\/www.cordobatimes.com\/deportes\/?p=31945"},"modified":"2017-07-20T17:40:35","modified_gmt":"2017-07-20T20:40:35","slug":"cristian-ramirez-es-el-segundo-refuerzo-de-la-t","status":"publish","type":"post","link":"https:\/\/www.cordobatimes.com\/deportes\/futbol\/2017\/07\/20\/cristian-ramirez-es-el-segundo-refuerzo-de-la-t\/","title":{"rendered":"Cristian Ram\u00edrez es el segundo refuerzo de la &#8220;T&#8221;"},"content":{"rendered":"<h3><strong>El jugador surgido de las inferiores de Lan\u00fas, juega de volante y hoy se integrar\u00e1 a la pretemporada que el equipo contin\u00faa realizando en Salta.<\/strong><\/h3>\n<p>El futbolista zurdo de 22 a\u00f1os llega al &#8220;Albiazul&#8221; a pr\u00e9stamo con opci\u00f3n de compra y en el transcurso del d\u00eda estar\u00e1 a las \u00f3rdenes de Frank Dar\u00edo Kudelka.<\/p>\n<p>Por su parte, el club tambi\u00e9n anunci\u00f3 que Sebasti\u00e1n Palacios seguir\u00e1 6 meses m\u00e1s en la instituci\u00f3n, debido a que el Pachuca de M\u00e9xico (entidad que compr\u00f3 la totalidad de su pase) lo cedi\u00f3 al &#8220;Matador&#8221; hasta diciembre.<\/p>\n<p>&nbsp;<\/p>\n<blockquote class=\"twitter-tweet\" data-lang=\"es\">\n<p dir=\"ltr\" lang=\"es\"><a href=\"https:\/\/twitter.com\/hashtag\/PrimeraDivisi%C3%B3n?src=hash\">#PrimeraDivisi\u00f3n<\/a> | El volante Cristian Ram\u00edrez se suma a <a href=\"https:\/\/twitter.com\/hashtag\/Talleres?src=hash\">#Talleres<\/a> \u2192 <a href=\"https:\/\/t.co\/nxjIcWqVA3\">https:\/\/t.co\/nxjIcWqVA3<\/a> <a href=\"https:\/\/t.co\/BlT8MmfSee\">pic.twitter.com\/BlT8MmfSee<\/a><\/p>\n<p>\u2014 Talleres (@CATalleresdecba) <a href=\"https:\/\/twitter.com\/CATalleresdecba\/status\/888123806946140160\">20 de julio de 2017<\/a><\/p><\/blockquote>\n<p><script async src=\"\/\/platform.twitter.com\/widgets.js\" charset=\"utf-8\"><\/script><\/p>\n<p>&nbsp;<\/p>\n<blockquote class=\"twitter-tweet\" data-lang=\"es\">\n<p dir=\"ltr\" lang=\"es\">Sebasti\u00e1n Palacios continua en Talleres hasta diciembre \u2192 <a href=\"https:\/\/t.co\/d3umifAIm3\">https:\/\/t.co\/d3umifAIm3<\/a> <a href=\"https:\/\/t.co\/hud8g47tcV\">pic.twitter.com\/hud8g47tcV<\/a><\/p>\n<p>\u2014 Talleres (@CATalleresdecba) <a href=\"https:\/\/twitter.com\/CATalleresdecba\/status\/887824888769110016\">20 de julio de 2017<\/a><\/p><\/blockquote>\n<p><script async src=\"\/\/platform.twitter.com\/widgets.js\" charset=\"utf-8\"><\/script><\/p>\n<p><strong>As\u00ed juega Cristian Ram\u00edrez:<\/strong><\/p>\n<p><iframe loading=\"lazy\" width=\"696\" height=\"522\" src=\"https:\/\/www.youtube.com\/embed\/ye7gck-Yh9s?feature=oembed\" frameborder=\"0\" allow=\"autoplay; encrypted-media\" allowfullscreen><\/iframe><\/p>\n","protected":false},"excerpt":{"rendered":"<p>El jugador surgido de las inferiores de Lan\u00fas, juega de volante y hoy se integrar\u00e1 a la pretemporada que el equipo contin\u00faa realizando en Salta. El futbolista zurdo de 22 a\u00f1os llega al &#8220;Albiazul&#8221; a pr\u00e9stamo con opci\u00f3n de compra y en el transcurso del d\u00eda estar\u00e1 a las \u00f3rdenes de Frank Dar\u00edo Kudelka. Por [&hellip;]<\/p>\n","protected":false},"author":26,"featured_media":31948,"comment_status":"closed","ping_status":"closed","sticky":false,"template":"","format":"standard","meta":{"_seopress_robots_primary_cat":"","_seopress_titles_title":"","_seopress_titles_desc":"","_seopress_robots_index":"","footnotes":""},"categories":[2,16],"tags":[5934,4748,3872,1017,1537,5683,40],"class_list":["post-31945","post","type-post","status-publish","format-standard","has-post-thumbnail","hentry","category-futbol","category-primera-division","tag-cristian-ramirez","tag-frank-dario-kudelka","tag-pachuca","tag-pretemporada","tag-refuerzo","tag-sebastian-palacios","tag-talleres"],"_links":{"self":[{"href":"https:\/\/www.cordobatimes.com\/deportes\/wp-json\/wp\/v2\/posts\/31945","targetHints":{"allow":["GET"]}}],"collection":[{"href":"https:\/\/www.cordobatimes.com\/deportes\/wp-json\/wp\/v2\/posts"}],"about":[{"href":"https:\/\/www.cordobatimes.com\/deportes\/wp-json\/wp\/v2\/types\/post"}],"author":[{"embeddable":true,"href":"https:\/\/www.cordobatimes.com\/deportes\/wp-json\/wp\/v2\/users\/26"}],"replies":[{"embeddable":true,"href":"https:\/\/www.cordobatimes.com\/deportes\/wp-json\/wp\/v2\/comments?post=31945"}],"version-history":[{"count":0,"href":"https:\/\/www.cordobatimes.com\/deportes\/wp-json\/wp\/v2\/posts\/31945\/revisions"}],"wp:featuredmedia":[{"embeddable":true,"href":"https:\/\/www.cordobatimes.com\/deportes\/wp-json\/wp\/v2\/media\/31948"}],"wp:attachment":[{"href":"https:\/\/www.cordobatimes.com\/deportes\/wp-json\/wp\/v2\/media?parent=31945"}],"wp:term":[{"taxonomy":"category","embeddable":true,"href":"https:\/\/www.cordobatimes.com\/deportes\/wp-json\/wp\/v2\/categories?post=31945"},{"taxonomy":"post_tag","embeddable":true,"href":"https:\/\/www.cordobatimes.com\/deportes\/wp-json\/wp\/v2\/tags?post=31945"}],"curies":[{"name":"wp","href":"https:\/\/api.w.org\/{rel}","templated":true}]}}