{"id":31929,"date":"2017-07-19T20:37:31","date_gmt":"2017-07-19T23:37:31","guid":{"rendered":"http:\/\/www.cordobatimes.com\/deportes\/?p=31929"},"modified":"2017-07-19T20:49:17","modified_gmt":"2017-07-19T23:49:17","slug":"belgrano-acreditacion-discapacitados","status":"publish","type":"post","link":"https:\/\/www.cordobatimes.com\/deportes\/futbol\/2017\/07\/19\/belgrano-acreditacion-discapacitados\/","title":{"rendered":"Belgrano: Acreditaci\u00f3n para discapacitados"},"content":{"rendered":"<h3><strong>En el marco de la integraci\u00f3n de las personas con discapacidad al deporte,\u00a0 Belgrano inform\u00f3 que ha dispuesto exceptuar del pago del abono y de las cuotas sociales a quienes acrediten esta condici\u00f3n, en un cupo limitado.<\/strong><\/h3>\n<section class=\"nodo nota_periodistica nota_periodistica\">\n<div class=\"container\">\n<article>\n<div class=\"nodeFull clearfix\">\n<div>\n<div class=\"body\">\n<p>Quienes est\u00e9n interesados en obtener la &#8220;Acreditaci\u00f3n de Discapacidad&#8221; para el pr\u00f3ximo campeonato, deber\u00e1n realizar el procedimiento detallado a continuaci\u00f3n:<\/p>\n<p>1) Enviar una\u00a0 mail a acreditaciones@belgranocordoba.com, que incluya:<\/p>\n<ul>\n<li>Una nota solicitando la excepci\u00f3n del pago.<\/li>\n<li>Copia escaneada de DNI de la persona.<\/li>\n<li>Copia escaneada del Certificado \u00danico de Discapacidad, otorgado por el Ministerio de Salud de la Naci\u00f3n o de la Provincia de C\u00f3rdoba (art. 3 ley 22431).<\/li>\n<\/ul>\n<p>2) Aguardar una respuesta oficial del Club por esa misma v\u00eda, para obtener el turno correspondiente para hacer el tr\u00e1mite. En esta instancia, se deber\u00e1\u00a1 presentar el Certificado y el DNI original (no siendo obligatoria la presencia de la persona con discapacidad).<\/p>\n<p>Belgrano deja aclarado que esta ser\u00e1 la modalidad vigente para la temporada 2017\/18, hasta agotar las ubicaciones dispuestas, siendo la \u00danica forma de solicitar el pedido.<\/p>\n<\/div>\n<\/div>\n<\/div>\n<\/article>\n<\/div>\n<\/section>\n","protected":false},"excerpt":{"rendered":"<p>En el marco de la integraci\u00f3n de las personas con discapacidad al deporte,\u00a0 Belgrano inform\u00f3 que ha dispuesto exceptuar del pago del abono y de las cuotas sociales a quienes acrediten esta condici\u00f3n, en un cupo limitado. Quienes est\u00e9n interesados en obtener la &#8220;Acreditaci\u00f3n de Discapacidad&#8221; para el pr\u00f3ximo campeonato, deber\u00e1n realizar el procedimiento detallado [&hellip;]<\/p>\n","protected":false},"author":20,"featured_media":31930,"comment_status":"closed","ping_status":"closed","sticky":false,"template":"","format":"standard","meta":{"_seopress_robots_primary_cat":"","_seopress_titles_title":"","_seopress_titles_desc":"","_seopress_robots_index":"","footnotes":""},"categories":[2,16],"tags":[37],"class_list":["post-31929","post","type-post","status-publish","format-standard","has-post-thumbnail","hentry","category-futbol","category-primera-division","tag-belgrano"],"_links":{"self":[{"href":"https:\/\/www.cordobatimes.com\/deportes\/wp-json\/wp\/v2\/posts\/31929","targetHints":{"allow":["GET"]}}],"collection":[{"href":"https:\/\/www.cordobatimes.com\/deportes\/wp-json\/wp\/v2\/posts"}],"about":[{"href":"https:\/\/www.cordobatimes.com\/deportes\/wp-json\/wp\/v2\/types\/post"}],"author":[{"embeddable":true,"href":"https:\/\/www.cordobatimes.com\/deportes\/wp-json\/wp\/v2\/users\/20"}],"replies":[{"embeddable":true,"href":"https:\/\/www.cordobatimes.com\/deportes\/wp-json\/wp\/v2\/comments?post=31929"}],"version-history":[{"count":0,"href":"https:\/\/www.cordobatimes.com\/deportes\/wp-json\/wp\/v2\/posts\/31929\/revisions"}],"wp:featuredmedia":[{"embeddable":true,"href":"https:\/\/www.cordobatimes.com\/deportes\/wp-json\/wp\/v2\/media\/31930"}],"wp:attachment":[{"href":"https:\/\/www.cordobatimes.com\/deportes\/wp-json\/wp\/v2\/media?parent=31929"}],"wp:term":[{"taxonomy":"category","embeddable":true,"href":"https:\/\/www.cordobatimes.com\/deportes\/wp-json\/wp\/v2\/categories?post=31929"},{"taxonomy":"post_tag","embeddable":true,"href":"https:\/\/www.cordobatimes.com\/deportes\/wp-json\/wp\/v2\/tags?post=31929"}],"curies":[{"name":"wp","href":"https:\/\/api.w.org\/{rel}","templated":true}]}}