{"id":31917,"date":"2017-07-19T16:00:01","date_gmt":"2017-07-19T19:00:01","guid":{"rendered":"http:\/\/www.cordobatimes.com\/deportes\/?p=31917"},"modified":"2017-07-19T16:18:22","modified_gmt":"2017-07-19T19:18:22","slug":"talleres-sigue-a-la-espera-de-refuerzos","status":"publish","type":"post","link":"https:\/\/www.cordobatimes.com\/deportes\/futbol\/2017\/07\/19\/talleres-sigue-a-la-espera-de-refuerzos\/","title":{"rendered":"Joao Rojas, el nuevo refuerzo de Talleres"},"content":{"rendered":"<h3><b>As\u00ed lo confirm\u00f3 el jugador a trav\u00e9s de su cuenta oficial de twitter.<\/b><\/h3>\n<p>El Mundo Talleres vive horas claves respecto a la contrataci\u00f3n de nuevos jugadores que se sumar\u00e1n al plantel que buscar\u00e1 clasificar a copas internacionales en la pr\u00f3xima campa\u00f1a.<\/p>\n<p>El ecuatoriano Joao Rojas Mendoza, de \u00faltimo paso por Cruz Azul de M\u00e9xico, arrib\u00f3 en la tarde del pasado martes para realizarse los estudios m\u00e9dicos y ser anunciado, oficialmente, como refuerzo de la &#8220;T&#8221;. El futbolista de 28 a\u00f1os se desempe\u00f1a como extremo aunque tambi\u00e9n puede jugar como volante.<\/p>\n<blockquote class=\"twitter-tweet\" data-lang=\"es\">\n<p dir=\"ltr\" lang=\"es\">Un nuevo comienzo y nuevos sue\u00f1os por cumplir. Agradecido con esta nueva oportunidad y darlo todo. Los tiempos de Dios son perfectos ?? <a href=\"https:\/\/twitter.com\/hashtag\/T?src=hash\">#T<\/a>??<\/p>\n<p>\u2014 Joao R. Rojas M. (@JoaoRojas_11) <a href=\"https:\/\/twitter.com\/JoaoRojas_11\/status\/887737946736144392\">19 de julio de 2017<\/a><\/p><\/blockquote>\n<p><script async src=\"\/\/platform.twitter.com\/widgets.js\" charset=\"utf-8\"><\/script><\/p>\n<p>Por su parte, faltar\u00eda confirmarse la llegada del delantero Junior Arias. Por sus servicios, el club de Barrio Jard\u00edn desembolsar\u00eda, aproximadamente, un mill\u00f3n de d\u00f3lares por el 33% de la ficha del jugador &#8220;charr\u00faa&#8221;.<\/p>\n<p>Adem\u00e1s en las \u00faltimas horas son\u00f3 fuerte el nombre de Lucas Olaza, defensor uruguayo del Danubio de nuestro pa\u00eds vecino.<\/p>\n<p>As\u00ed juega Joao Rojas Mendoza:<\/p>\n<p>https:\/\/www.youtube.com\/watch?v=CZ7tfkt4QL0<\/p>\n","protected":false},"excerpt":{"rendered":"<p>As\u00ed lo confirm\u00f3 el jugador a trav\u00e9s de su cuenta oficial de twitter. El Mundo Talleres vive horas claves respecto a la contrataci\u00f3n de nuevos jugadores que se sumar\u00e1n al plantel que buscar\u00e1 clasificar a copas internacionales en la pr\u00f3xima campa\u00f1a. El ecuatoriano Joao Rojas Mendoza, de \u00faltimo paso por Cruz Azul de M\u00e9xico, arrib\u00f3 [&hellip;]<\/p>\n","protected":false},"author":26,"featured_media":31918,"comment_status":"closed","ping_status":"closed","sticky":false,"template":"","format":"standard","meta":{"_seopress_robots_primary_cat":"","_seopress_titles_title":"","_seopress_titles_desc":"","_seopress_robots_index":"","footnotes":""},"categories":[2,16],"tags":[5932,5931,5919,448,40,5933],"class_list":["post-31917","post","type-post","status-publish","format-standard","has-post-thumbnail","hentry","category-futbol","category-primera-division","tag-charrua","tag-joao-rojas-mendoza","tag-junior-arias","tag-refuerzos","tag-talleres","tag-uruguayo"],"_links":{"self":[{"href":"https:\/\/www.cordobatimes.com\/deportes\/wp-json\/wp\/v2\/posts\/31917","targetHints":{"allow":["GET"]}}],"collection":[{"href":"https:\/\/www.cordobatimes.com\/deportes\/wp-json\/wp\/v2\/posts"}],"about":[{"href":"https:\/\/www.cordobatimes.com\/deportes\/wp-json\/wp\/v2\/types\/post"}],"author":[{"embeddable":true,"href":"https:\/\/www.cordobatimes.com\/deportes\/wp-json\/wp\/v2\/users\/26"}],"replies":[{"embeddable":true,"href":"https:\/\/www.cordobatimes.com\/deportes\/wp-json\/wp\/v2\/comments?post=31917"}],"version-history":[{"count":0,"href":"https:\/\/www.cordobatimes.com\/deportes\/wp-json\/wp\/v2\/posts\/31917\/revisions"}],"wp:featuredmedia":[{"embeddable":true,"href":"https:\/\/www.cordobatimes.com\/deportes\/wp-json\/wp\/v2\/media\/31918"}],"wp:attachment":[{"href":"https:\/\/www.cordobatimes.com\/deportes\/wp-json\/wp\/v2\/media?parent=31917"}],"wp:term":[{"taxonomy":"category","embeddable":true,"href":"https:\/\/www.cordobatimes.com\/deportes\/wp-json\/wp\/v2\/categories?post=31917"},{"taxonomy":"post_tag","embeddable":true,"href":"https:\/\/www.cordobatimes.com\/deportes\/wp-json\/wp\/v2\/tags?post=31917"}],"curies":[{"name":"wp","href":"https:\/\/api.w.org\/{rel}","templated":true}]}}