{"id":31893,"date":"2017-07-18T15:03:06","date_gmt":"2017-07-18T18:03:06","guid":{"rendered":"http:\/\/www.cordobatimes.com\/deportes\/?p=31893"},"modified":"2017-07-18T17:18:17","modified_gmt":"2017-07-18T20:18:17","slug":"bomba-mercado-pases-neymar-al-psg","status":"publish","type":"post","link":"https:\/\/www.cordobatimes.com\/deportes\/futbol\/2017\/07\/18\/bomba-mercado-pases-neymar-al-psg\/","title":{"rendered":"Bomba en el mercado de pases: \u00bfNeymar al PSG?"},"content":{"rendered":"<h3><strong>Desde los medios brasile\u00f1os aseguran que la estrella del Barcelona podr\u00eda fichar con el equipo parisino por una suma millonaria. \u00bfDejar\u00e1 a su amigo Lionel Messi para irse con Dani Alves?<\/strong><\/h3>\n<p>El mercado de pases est\u00e1 al rojo vivo y una bomba mundial se lanz\u00f3 desde los medios brasile\u00f1os, que de concretarse, podr\u00eda ser catalogado como el &#8220;Fichaje del Siglo&#8221;.<\/p>\n<p>Este lunes aparecieron rumores que indican que el Paris Saint Germain estar\u00eda a punto de anunciar la contrataci\u00f3n de Neymar Jr. Seg\u00fan la prensa brasilera, el club franc\u00e9s ya tendr\u00eda un acuerdo con el jugador y pagar\u00eda su cl\u00e1usula de rescisi\u00f3n de 222 millones de euros (254 millones de d\u00f3lares).<\/p>\n<p>El portal <strong>Esporte Interativo<\/strong> afirm\u00f3 que\u00a0la gigantesca transferencia\u00a0no parece tan lejana, ya que\u00a0la estrella del Barcelona FC habr\u00eda quedado seducida por el proyecto del PSG. El club parisino planea convertirlo en la figura principal del club, adem\u00e1s de que estar\u00e1 rodeado por su amigo Dani Alves y los compatriotas Thiago Silva, Marquinhos, Thiago Motta y Lucas Moura.<\/p>\n<p>Pero, \u00bfdejar\u00e1 Neymar a su amigo Lionel Messi?\u00a0M\u00e1s all\u00e1 de su amistad, el crack brasile\u00f1o est\u00e1 relegado a un papel secundario detr\u00e1s del astro argentino, lo cual ser\u00eda uno de los motivos de su posible salida del club catal\u00e1n.<\/p>\n<p>La otra variable que puede influir en el alejamiento del club espa\u00f1ol,\u00a0ser\u00eda\u00a0el factor econ\u00f3mico, ya que la entidad francesa le habr\u00eda ofrecido un contrato de cinco a\u00f1os cobrando\u00a035 millones de d\u00f3lares por temporada.<\/p>\n<p>Otros medios la ven como una operaci\u00f3n imposible de asumir por cualquier club, ya que adem\u00e1s de los 222 millones de la cl\u00e1usula, habr\u00eda que sumar los 46,62 millones de\u00a0IVA, por lo que la cifra inicial a pagar ser\u00eda de 268,62 &#8220;kilos&#8221;, sin contabilizar el sueldo.<\/p>\n<p>De hacer el contrato posible, de acuerdo con la fiscalidad vigente en Francia para las rentas, teniendo en cuenta el salario y la cl\u00e1usula\u00a0del traspaso, en un contrato de 5 a\u00f1os, ser\u00eda imposible\u00a0cumplir con casi total seguridad los par\u00e1metros del <em>Financial Fair Play<\/em> que establece la UEFA.<\/p>\n<p><strong>Esto publica el medio carioca Esporte Interativo en su cuenta de twitter<\/strong><\/p>\n<blockquote class=\"twitter-tweet\" data-lang=\"es\">\n<p dir=\"ltr\" lang=\"und\">?????????? <a href=\"https:\/\/t.co\/xHIlWR0LCU\">pic.twitter.com\/xHIlWR0LCU<\/a><\/p>\n<p>\u2014 Esporte Interativo (@Esp_Interativo) <a href=\"https:\/\/twitter.com\/Esp_Interativo\/status\/887317163241066500\">18 de julio de 2017<\/a><\/p><\/blockquote>\n<p><script async src=\"\/\/platform.twitter.com\/widgets.js\" charset=\"utf-8\"><\/script><\/p>\n<blockquote class=\"twitter-tweet\" data-lang=\"es\">\n<p dir=\"ltr\" lang=\"pt\">Vem conferir as informa\u00e7\u00f5es do <a href=\"https:\/\/twitter.com\/marcelobechler\">@marcelobechler<\/a> sobre a proposta do PSG que o Neymar aceitou \u00e0s 14h30 no <a href=\"https:\/\/twitter.com\/Esp_Interativo\">@Esp_Interativo<\/a>! <a href=\"https:\/\/twitter.com\/hashtag\/MFMNeymar?src=hash\">#MFMNeymar<\/a> <a href=\"https:\/\/t.co\/wYGS1OjbJS\">pic.twitter.com\/wYGS1OjbJS<\/a><\/p>\n<p>\u2014 Esporte Interativo (@Esp_Interativo) <a href=\"https:\/\/twitter.com\/Esp_Interativo\/status\/887334513122172928\">18 de julio de 2017<\/a><\/p><\/blockquote>\n<p><script async src=\"\/\/platform.twitter.com\/widgets.js\" charset=\"utf-8\"><\/script><\/p>\n<blockquote class=\"twitter-tweet\" data-lang=\"es\">\n<p dir=\"ltr\" lang=\"pt\">\u266b Bateu saudade, lembrei do tempo em que a gente se amou \u266b<\/p>\n<p>Chegou a hora da dupla se reencontrar? <a href=\"https:\/\/t.co\/AxVPZXec1x\">pic.twitter.com\/AxVPZXec1x<\/a><\/p>\n<p>\u2014 Esporte Interativo (@Esp_Interativo) <a href=\"https:\/\/twitter.com\/Esp_Interativo\/status\/887365279113785344\">18 de julio de 2017<\/a><\/p><\/blockquote>\n<p><script async src=\"\/\/platform.twitter.com\/widgets.js\" charset=\"utf-8\"><\/script><\/p>\n","protected":false},"excerpt":{"rendered":"<p>Desde los medios brasile\u00f1os aseguran que la estrella del Barcelona podr\u00eda fichar con el equipo parisino por una suma millonaria. \u00bfDejar\u00e1 a su amigo Lionel Messi para irse con Dani Alves? El mercado de pases est\u00e1 al rojo vivo y una bomba mundial se lanz\u00f3 desde los medios brasile\u00f1os, que de concretarse, podr\u00eda ser catalogado [&hellip;]<\/p>\n","protected":false},"author":5,"featured_media":31900,"comment_status":"closed","ping_status":"closed","sticky":false,"template":"","format":"standard","meta":{"_seopress_robots_primary_cat":"","_seopress_titles_title":"","_seopress_titles_desc":"","_seopress_robots_index":"","footnotes":""},"categories":[2,18],"tags":[5929,3203,108,64,2704,88,244,1155,111],"class_list":["post-31893","post","type-post","status-publish","format-standard","has-post-thumbnail","hentry","category-futbol","category-futbol-internacional","tag-barcelona-fc","tag-dani-alves","tag-fifa","tag-futbol-2","tag-mercado-de-pases","tag-messi","tag-neymar","tag-psg","tag-uefa"],"_links":{"self":[{"href":"https:\/\/www.cordobatimes.com\/deportes\/wp-json\/wp\/v2\/posts\/31893","targetHints":{"allow":["GET"]}}],"collection":[{"href":"https:\/\/www.cordobatimes.com\/deportes\/wp-json\/wp\/v2\/posts"}],"about":[{"href":"https:\/\/www.cordobatimes.com\/deportes\/wp-json\/wp\/v2\/types\/post"}],"author":[{"embeddable":true,"href":"https:\/\/www.cordobatimes.com\/deportes\/wp-json\/wp\/v2\/users\/5"}],"replies":[{"embeddable":true,"href":"https:\/\/www.cordobatimes.com\/deportes\/wp-json\/wp\/v2\/comments?post=31893"}],"version-history":[{"count":0,"href":"https:\/\/www.cordobatimes.com\/deportes\/wp-json\/wp\/v2\/posts\/31893\/revisions"}],"wp:featuredmedia":[{"embeddable":true,"href":"https:\/\/www.cordobatimes.com\/deportes\/wp-json\/wp\/v2\/media\/31900"}],"wp:attachment":[{"href":"https:\/\/www.cordobatimes.com\/deportes\/wp-json\/wp\/v2\/media?parent=31893"}],"wp:term":[{"taxonomy":"category","embeddable":true,"href":"https:\/\/www.cordobatimes.com\/deportes\/wp-json\/wp\/v2\/categories?post=31893"},{"taxonomy":"post_tag","embeddable":true,"href":"https:\/\/www.cordobatimes.com\/deportes\/wp-json\/wp\/v2\/tags?post=31893"}],"curies":[{"name":"wp","href":"https:\/\/api.w.org\/{rel}","templated":true}]}}