{"id":31610,"date":"2017-07-12T12:10:50","date_gmt":"2017-07-12T15:10:50","guid":{"rendered":"http:\/\/www.cordobatimes.com\/deportes\/?p=31610"},"modified":"2017-07-12T12:10:50","modified_gmt":"2017-07-12T15:10:50","slug":"wimbledon-cayo-murray-puede-perder-n1","status":"publish","type":"post","link":"https:\/\/www.cordobatimes.com\/deportes\/tenis\/2017\/07\/12\/wimbledon-cayo-murray-puede-perder-n1\/","title":{"rendered":"Wimbledon: cay\u00f3 Murray y puede perder el N\u00b01"},"content":{"rendered":"<h3>Por los cuartos de final, el \u00faltimo campe\u00f3n cay\u00f3 en casa ante Querrey por 3-6, 6-4, 6-7 (4), 6-1 y 6-1. Si Djokovic gana el t\u00edtulo, lo bajar\u00e1 de la cima de ranking ATP.<\/h3>\n","protected":false},"excerpt":{"rendered":"<p>Por los cuartos de final, el \u00faltimo campe\u00f3n cay\u00f3 en casa ante Querrey por 3-6, 6-4, 6-7 (4), 6-1 y 6-1. Si Djokovic gana el t\u00edtulo, lo bajar\u00e1 de la cima de ranking ATP.<\/p>\n","protected":false},"author":5,"featured_media":31611,"comment_status":"closed","ping_status":"closed","sticky":false,"template":"","format":"standard","meta":{"_seopress_robots_primary_cat":"","_seopress_titles_title":"","_seopress_titles_desc":"","_seopress_robots_index":"","footnotes":""},"categories":[4],"tags":[2920,308,5911,5912],"class_list":["post-31610","post","type-post","status-publish","format-standard","has-post-thumbnail","hentry","category-tenis","tag-andy-murray","tag-novak-djokovic","tag-sam-querrey","tag-wimbledon-2017"],"_links":{"self":[{"href":"https:\/\/www.cordobatimes.com\/deportes\/wp-json\/wp\/v2\/posts\/31610","targetHints":{"allow":["GET"]}}],"collection":[{"href":"https:\/\/www.cordobatimes.com\/deportes\/wp-json\/wp\/v2\/posts"}],"about":[{"href":"https:\/\/www.cordobatimes.com\/deportes\/wp-json\/wp\/v2\/types\/post"}],"author":[{"embeddable":true,"href":"https:\/\/www.cordobatimes.com\/deportes\/wp-json\/wp\/v2\/users\/5"}],"replies":[{"embeddable":true,"href":"https:\/\/www.cordobatimes.com\/deportes\/wp-json\/wp\/v2\/comments?post=31610"}],"version-history":[{"count":0,"href":"https:\/\/www.cordobatimes.com\/deportes\/wp-json\/wp\/v2\/posts\/31610\/revisions"}],"wp:featuredmedia":[{"embeddable":true,"href":"https:\/\/www.cordobatimes.com\/deportes\/wp-json\/wp\/v2\/media\/31611"}],"wp:attachment":[{"href":"https:\/\/www.cordobatimes.com\/deportes\/wp-json\/wp\/v2\/media?parent=31610"}],"wp:term":[{"taxonomy":"category","embeddable":true,"href":"https:\/\/www.cordobatimes.com\/deportes\/wp-json\/wp\/v2\/categories?post=31610"},{"taxonomy":"post_tag","embeddable":true,"href":"https:\/\/www.cordobatimes.com\/deportes\/wp-json\/wp\/v2\/tags?post=31610"}],"curies":[{"name":"wp","href":"https:\/\/api.w.org\/{rel}","templated":true}]}}