{"id":31531,"date":"2017-07-12T13:21:32","date_gmt":"2017-07-12T16:21:32","guid":{"rendered":"http:\/\/www.cordobatimes.com\/deportes\/?p=31531"},"modified":"2017-07-12T13:21:32","modified_gmt":"2017-07-12T16:21:32","slug":"chapa-retegui-dio-la-lista-convocados-los-leones","status":"publish","type":"post","link":"https:\/\/www.cordobatimes.com\/deportes\/hockey\/2017\/07\/12\/chapa-retegui-dio-la-lista-convocados-los-leones\/","title":{"rendered":"El &#8220;Chapa&#8221; Retegui dio la lista de convocados en Los &#8220;Leones&#8221;"},"content":{"rendered":"<h3 style=\"text-align: left;\"><strong>El t\u00e9cnico de la selecci\u00f3n masculina de hockey oficializ\u00f3 la lista de jugadores que comenzar\u00e1n a entrenar el pr\u00f3ximo lunes 17 de cara al\u00a0segundo semestre del a\u00f1o.<\/strong><\/h3>\n<p>Carlos Retegui dio la lista de los convocados a la selecci\u00f3n masculina de Hockey que comenzar\u00e1n a entrenar el pr\u00f3ximo lunes en el\u00a0<strong>CENARD.<\/strong><\/p>\n<p>Luego de haber conseguido la clasificaci\u00f3n al\u00a0<strong>Mundial de Londres 2018<\/strong>, el desaf\u00edo m\u00e1s cercano del equipo argentino ser\u00e1 la\u00a0<strong>Copa Panamericana\u00a0<\/strong>a desarrollarse del 4 al 13 de agosto en Estados Unidos. Adem\u00e1s, en el mes de diciembre, los \u201cLeones\u201d jugar\u00e1n la etapa final de la Liga Mundial con sede en la ciudad de India.<\/p>\n<p><strong>Los jugadores convocados son :<\/strong><\/p>\n<p>1 Vivaldi, Juan Manuel<br \/>\n2 Abratte Agustin<br \/>\n3 Ibarra, Pedro<br \/>\n4 Gilardi Juan<br \/>\n5 Ortiz, Ignacio<br \/>\n6 Rey, Matias<br \/>\n7 Paredes, Mat\u00edas<br \/>\n8 Vila, Lucas<br \/>\n9 L\u00f3pez, Juan Martin<br \/>\n10 Tarazona, Santiago<br \/>\n11 Menini, Joaquin<br \/>\n12 Peillat, Gonzalo<br \/>\n13 Mazzilli, Agustin<br \/>\n14 Ganly, Marc<br \/>\n15 Casella, Maico<br \/>\n16 Rossi, Lucas<br \/>\n17 Ibarra, Isidoro<br \/>\n18 Brunet, Manuel<br \/>\n19 Rothbart, Ian<br \/>\n20 Merino, Gonzalo<br \/>\n21 Martinez, Lucas<br \/>\n22 Bugallo, Agustin<br \/>\n23 Paz, Diego<br \/>\n24 Masso, Lucca<\/p>\n","protected":false},"excerpt":{"rendered":"<p>El t\u00e9cnico de la selecci\u00f3n masculina de hockey oficializ\u00f3 la lista de jugadores que comenzar\u00e1n a entrenar el pr\u00f3ximo lunes 17 de cara al\u00a0segundo semestre del a\u00f1o. Carlos Retegui dio la lista de los convocados a la selecci\u00f3n masculina de Hockey que comenzar\u00e1n a entrenar el pr\u00f3ximo lunes en el\u00a0CENARD. Luego de haber conseguido la [&hellip;]<\/p>\n","protected":false},"author":27,"featured_media":31539,"comment_status":"closed","ping_status":"closed","sticky":false,"template":"","format":"standard","meta":{"_seopress_robots_primary_cat":"","_seopress_titles_title":"","_seopress_titles_desc":"","_seopress_robots_index":"","footnotes":""},"categories":[5,6],"tags":[26,3679,3197,1398],"class_list":["post-31531","post","type-post","status-publish","format-standard","has-post-thumbnail","hentry","category-hockey","category-polideportivo","tag-argentina","tag-cenard","tag-hockey-masculino","tag-los-leones"],"_links":{"self":[{"href":"https:\/\/www.cordobatimes.com\/deportes\/wp-json\/wp\/v2\/posts\/31531","targetHints":{"allow":["GET"]}}],"collection":[{"href":"https:\/\/www.cordobatimes.com\/deportes\/wp-json\/wp\/v2\/posts"}],"about":[{"href":"https:\/\/www.cordobatimes.com\/deportes\/wp-json\/wp\/v2\/types\/post"}],"author":[{"embeddable":true,"href":"https:\/\/www.cordobatimes.com\/deportes\/wp-json\/wp\/v2\/users\/27"}],"replies":[{"embeddable":true,"href":"https:\/\/www.cordobatimes.com\/deportes\/wp-json\/wp\/v2\/comments?post=31531"}],"version-history":[{"count":0,"href":"https:\/\/www.cordobatimes.com\/deportes\/wp-json\/wp\/v2\/posts\/31531\/revisions"}],"wp:featuredmedia":[{"embeddable":true,"href":"https:\/\/www.cordobatimes.com\/deportes\/wp-json\/wp\/v2\/media\/31539"}],"wp:attachment":[{"href":"https:\/\/www.cordobatimes.com\/deportes\/wp-json\/wp\/v2\/media?parent=31531"}],"wp:term":[{"taxonomy":"category","embeddable":true,"href":"https:\/\/www.cordobatimes.com\/deportes\/wp-json\/wp\/v2\/categories?post=31531"},{"taxonomy":"post_tag","embeddable":true,"href":"https:\/\/www.cordobatimes.com\/deportes\/wp-json\/wp\/v2\/tags?post=31531"}],"curies":[{"name":"wp","href":"https:\/\/api.w.org\/{rel}","templated":true}]}}