{"id":31446,"date":"2017-07-09T18:55:55","date_gmt":"2017-07-09T21:55:55","guid":{"rendered":"http:\/\/www.cordobatimes.com\/deportes\/?p=31446"},"modified":"2017-07-11T11:17:26","modified_gmt":"2017-07-11T14:17:26","slug":"laprovittola-tiene-nuevo-club-y-manifesto-su-alegria-en-twitter","status":"publish","type":"post","link":"https:\/\/www.cordobatimes.com\/deportes\/basquet\/2017\/07\/09\/laprovittola-tiene-nuevo-club-y-manifesto-su-alegria-en-twitter\/","title":{"rendered":"Laprovittola tiene nuevo club y manifest\u00f3 su alegr\u00eda en Twitter"},"content":{"rendered":"<h3><strong>El base argentino, flamante jugador del Zenit de Ruso, se expres\u00f3\u00a0a trav\u00e9s de las redes sociales, de cara a lo que ser\u00e1 su nuevo desaf\u00edo en Europa.<\/strong><\/h3>\n<p>El basquetbolista bonaerense Nicol\u00e1s Laprovittola jugara la pr\u00f3xima temporada en el Zenit de Rusia, despu\u00e9s de su paso por el equipo espa\u00f1ol Saski Baskonia.<\/p>\n<p>El base de 27 a\u00f1os no dej\u00f3 pasar la oportunidad de manifestar su alegr\u00eda en la red social del pajarito: <strong>\u201c<\/strong><strong>Nuevo destino: <\/strong><strong>Rusia<\/strong><strong>, Muchas expectativas y muy contento por esta nueva experiencia\u201d<\/strong>, escribi\u00f3 en su cuenta personal.<\/p>\n<p>Antes de su arribo al combinado de San Petersburgo,\u00a0\u201cLapro\u201d jug\u00f3 en Lan\u00fas, Flamengo, BC Lietuvos Ritas de Lituania, Estudiantes de Madrid, San Antonio Spurs y el Saski Baskonia de Espa\u00f1a.<\/p>\n<blockquote class=\"twitter-tweet\" data-lang=\"es\">\n<p dir=\"ltr\" lang=\"es\">Nuevo destino ??&#8230; Muchas expectativas y muy contento por esta nueva experiencia! <a href=\"https:\/\/t.co\/DDP9t4TPDu\">https:\/\/t.co\/DDP9t4TPDu<\/a><\/p>\n<p>\u2014 Nicolas Laprovittola (@nicolapro7) <a href=\"https:\/\/twitter.com\/nicolapro7\/status\/883520264654520320\">8 de julio de 2017<\/a><\/p><\/blockquote>\n<p><script async src=\"\/\/platform.twitter.com\/widgets.js\" charset=\"utf-8\"><\/script><\/p>\n<blockquote class=\"twitter-tweet\" data-lang=\"es\">\n<p dir=\"ltr\" lang=\"ru\">\u041d\u0438\u043a\u043e\u043b\u0430\u0441 \u041b\u0430\u043f\u0440\u043e\u0432\u0438\u0442\u0442\u043e\u043b\u0430 \u2014 \u0432 \u00ab\u0417\u0435\u043d\u0438\u0442\u0435\u00bb!<a href=\"https:\/\/t.co\/NNhujGHo80\">https:\/\/t.co\/NNhujGHo80<\/a> <a href=\"https:\/\/t.co\/b5ukZ0Wg0h\">pic.twitter.com\/b5ukZ0Wg0h<\/a><\/p>\n<p>\u2014 \u0411\u041a \u00ab\u0417\u0435\u043d\u0438\u0442\u00bb (@zenitbasket) <a href=\"https:\/\/twitter.com\/zenitbasket\/status\/883416569514250241\">7 de julio de 2017<\/a><\/p><\/blockquote>\n<p><script async src=\"\/\/platform.twitter.com\/widgets.js\" charset=\"utf-8\"><\/script><\/p>\n","protected":false},"excerpt":{"rendered":"<p>El base argentino, flamante jugador del Zenit de Ruso, se expres\u00f3\u00a0a trav\u00e9s de las redes sociales, de cara a lo que ser\u00e1 su nuevo desaf\u00edo en Europa. El basquetbolista bonaerense Nicol\u00e1s Laprovittola jugara la pr\u00f3xima temporada en el Zenit de Rusia, despu\u00e9s de su paso por el equipo espa\u00f1ol Saski Baskonia. El base de 27 [&hellip;]<\/p>\n","protected":false},"author":20,"featured_media":31451,"comment_status":"closed","ping_status":"closed","sticky":false,"template":"","format":"standard","meta":{"_seopress_robots_primary_cat":"","_seopress_titles_title":"","_seopress_titles_desc":"","_seopress_robots_index":"","footnotes":""},"categories":[3],"tags":[171,5897,954,2206],"class_list":["post-31446","post","type-post","status-publish","format-standard","has-post-thumbnail","hentry","category-basquet","tag-basquet-2","tag-laprovittola","tag-rusia","tag-zenit"],"_links":{"self":[{"href":"https:\/\/www.cordobatimes.com\/deportes\/wp-json\/wp\/v2\/posts\/31446","targetHints":{"allow":["GET"]}}],"collection":[{"href":"https:\/\/www.cordobatimes.com\/deportes\/wp-json\/wp\/v2\/posts"}],"about":[{"href":"https:\/\/www.cordobatimes.com\/deportes\/wp-json\/wp\/v2\/types\/post"}],"author":[{"embeddable":true,"href":"https:\/\/www.cordobatimes.com\/deportes\/wp-json\/wp\/v2\/users\/20"}],"replies":[{"embeddable":true,"href":"https:\/\/www.cordobatimes.com\/deportes\/wp-json\/wp\/v2\/comments?post=31446"}],"version-history":[{"count":0,"href":"https:\/\/www.cordobatimes.com\/deportes\/wp-json\/wp\/v2\/posts\/31446\/revisions"}],"wp:featuredmedia":[{"embeddable":true,"href":"https:\/\/www.cordobatimes.com\/deportes\/wp-json\/wp\/v2\/media\/31451"}],"wp:attachment":[{"href":"https:\/\/www.cordobatimes.com\/deportes\/wp-json\/wp\/v2\/media?parent=31446"}],"wp:term":[{"taxonomy":"category","embeddable":true,"href":"https:\/\/www.cordobatimes.com\/deportes\/wp-json\/wp\/v2\/categories?post=31446"},{"taxonomy":"post_tag","embeddable":true,"href":"https:\/\/www.cordobatimes.com\/deportes\/wp-json\/wp\/v2\/tags?post=31446"}],"curies":[{"name":"wp","href":"https:\/\/api.w.org\/{rel}","templated":true}]}}