{"id":3128,"date":"2013-11-22T11:03:54","date_gmt":"2013-11-22T14:03:54","guid":{"rendered":"http:\/\/www.cordobatimes.com\/deportes\/?p=3128"},"modified":"2013-11-22T16:34:45","modified_gmt":"2013-11-22T19:34:45","slug":"el-circuito-de-potrero-de-los-funes-elegido-como-uno-de-los-mas-lindos-del-planeta","status":"publish","type":"post","link":"https:\/\/www.cordobatimes.com\/deportes\/automovilismo\/2013\/11\/22\/el-circuito-de-potrero-de-los-funes-elegido-como-uno-de-los-mas-lindos-del-planeta\/","title":{"rendered":"El circuito de Potrero de Los Funes elegido uno de los m\u00e1s lindos del planeta"},"content":{"rendered":"<p>&nbsp;<\/p>\n<p><a href=\"http:\/\/www.cordobatimes.com\/deportes\/wp-content\/uploads\/2013\/11\/potrerodelosfunes.jpg\"><img loading=\"lazy\" decoding=\"async\" class=\"alignnone size-full wp-image-3139\" alt=\"potrerodelosfunes\" src=\"http:\/\/www.cordobatimes.com\/deportes\/wp-content\/uploads\/2013\/11\/potrerodelosfunes.jpg\" width=\"825\" height=\"619\" data-id=\"3139\" srcset=\"https:\/\/www.cordobatimes.com\/deportes\/wp-content\/uploads\/2013\/11\/potrerodelosfunes.jpg 825w, https:\/\/www.cordobatimes.com\/deportes\/wp-content\/uploads\/2013\/11\/potrerodelosfunes-300x225.jpg 300w\" sizes=\"auto, (max-width: 825px) 100vw, 825px\" \/><\/a><\/p>\n<h4 style=\"text-align: justify;\">El \u00a0semipermanente de Potrero de Los Funes, siempre fue el m\u00e1s codiciado por todas las categor\u00edas y el m\u00e1s elogiado por organizadores y pilotos.Pero un sitio web dedicado al automovilismo le di\u00f3 la posibilidad a sus lectores de elegir y el circuito de San Luis ocup\u00f3 el tercer lugar entre los m\u00e1s lindos del planeta.<\/h4>\n<p style=\"text-align: justify;\">\n<p style=\"text-align: justify;\">Esta vez le toc\u00f3 el turno al voto popular y el sitio web norteamericano \u00a0jalopnik.com lanz\u00f3 una campa\u00f1a para elegir entre sus lectores al circuito m\u00e1s lindo del mundo. Entre ellos por supuesto estaba el semipermanente puntano de Potrero de Los Funes, donde ocup\u00f3 el \u00a0tercer lugar, entre los diez que la pagina invit\u00f3 a votar.<\/p>\n<p style=\"text-align: justify;\">Potrero de los Funes qued\u00f3 por delante del reconocido aut\u00f3dromo de\u00a0Pergusa, en Italia; el Barber Motorsports Park, de Estados Unidos o el Gilles Villeneuve, de Canad\u00e1.<\/p>\n<p style=\"text-align: justify;\">El ganador fue el del N\u00fcrburgring\u00a0en Alemania y el de Fuji Speedway en Jap\u00f3n.<\/p>\n<p>&nbsp;<\/p>\n<p>&nbsp;<\/p>\n<p>Por Maria Laura Rodriguez \/<span style=\"color: #3366ff;\">@laurodriguez6<\/span><\/p>\n","protected":false},"excerpt":{"rendered":"<p>&nbsp; El \u00a0semipermanente de Potrero de Los Funes, siempre fue el m\u00e1s codiciado por todas las categor\u00edas y el m\u00e1s elogiado por organizadores y pilotos.Pero un sitio web dedicado al automovilismo le di\u00f3 la posibilidad a sus lectores de elegir y el circuito de San Luis ocup\u00f3 el tercer lugar entre los m\u00e1s lindos del [&hellip;]<\/p>\n","protected":false},"author":6,"featured_media":3139,"comment_status":"open","ping_status":"open","sticky":false,"template":"","format":"standard","meta":{"_seopress_robots_primary_cat":"","_seopress_titles_title":"","_seopress_titles_desc":"","_seopress_robots_index":"","footnotes":""},"categories":[1],"tags":[756,757,758],"class_list":["post-3128","post","type-post","status-publish","format-standard","has-post-thumbnail","hentry","category-automovilismo","tag-circuito-semipermanete-de-potrero-de-los-funes","tag-potrero-de-los-funes","tag-san-luis"],"_links":{"self":[{"href":"https:\/\/www.cordobatimes.com\/deportes\/wp-json\/wp\/v2\/posts\/3128","targetHints":{"allow":["GET"]}}],"collection":[{"href":"https:\/\/www.cordobatimes.com\/deportes\/wp-json\/wp\/v2\/posts"}],"about":[{"href":"https:\/\/www.cordobatimes.com\/deportes\/wp-json\/wp\/v2\/types\/post"}],"author":[{"embeddable":true,"href":"https:\/\/www.cordobatimes.com\/deportes\/wp-json\/wp\/v2\/users\/6"}],"replies":[{"embeddable":true,"href":"https:\/\/www.cordobatimes.com\/deportes\/wp-json\/wp\/v2\/comments?post=3128"}],"version-history":[{"count":0,"href":"https:\/\/www.cordobatimes.com\/deportes\/wp-json\/wp\/v2\/posts\/3128\/revisions"}],"wp:featuredmedia":[{"embeddable":true,"href":"https:\/\/www.cordobatimes.com\/deportes\/wp-json\/wp\/v2\/media\/3139"}],"wp:attachment":[{"href":"https:\/\/www.cordobatimes.com\/deportes\/wp-json\/wp\/v2\/media?parent=3128"}],"wp:term":[{"taxonomy":"category","embeddable":true,"href":"https:\/\/www.cordobatimes.com\/deportes\/wp-json\/wp\/v2\/categories?post=3128"},{"taxonomy":"post_tag","embeddable":true,"href":"https:\/\/www.cordobatimes.com\/deportes\/wp-json\/wp\/v2\/tags?post=3128"}],"curies":[{"name":"wp","href":"https:\/\/api.w.org\/{rel}","templated":true}]}}