{"id":31119,"date":"2016-09-22T08:22:00","date_gmt":"2016-09-22T11:22:00","guid":{"rendered":"http:\/\/www.cordobatimes.com\/deportes\/?p=31119"},"modified":"2016-09-22T08:22:32","modified_gmt":"2016-09-22T11:22:32","slug":"copa-sudamericana-belgrano-dio-el-batacazo-en-brasil-y-derroto-a-coritiba","status":"publish","type":"post","link":"https:\/\/www.cordobatimes.com\/deportes\/futbol\/2016\/09\/22\/copa-sudamericana-belgrano-dio-el-batacazo-en-brasil-y-derroto-a-coritiba\/","title":{"rendered":"Copa Sudamericana: Belgrano dio el batacazo en Brasil y derrot\u00f3 a Coritiba"},"content":{"rendered":"<h3><strong><a href=\"http:\/\/www.cordobatimes.com\/deportes\/wp-content\/uploads\/2016\/09\/bieler-belgrano_0-1440x864_c.jpg\" rel=\"attachment wp-att-31120\"><img loading=\"lazy\" decoding=\"async\" class=\"alignnone size-full wp-image-31120\" src=\"http:\/\/www.cordobatimes.com\/deportes\/wp-content\/uploads\/2016\/09\/bieler-belgrano_0-1440x864_c.jpg\" alt=\"bieler-belgrano_0-1440x864_c\" width=\"1440\" height=\"864\" data-id=\"31120\" srcset=\"https:\/\/www.cordobatimes.com\/deportes\/wp-content\/uploads\/2016\/09\/bieler-belgrano_0-1440x864_c.jpg 1440w, https:\/\/www.cordobatimes.com\/deportes\/wp-content\/uploads\/2016\/09\/bieler-belgrano_0-1440x864_c-300x180.jpg 300w, https:\/\/www.cordobatimes.com\/deportes\/wp-content\/uploads\/2016\/09\/bieler-belgrano_0-1440x864_c-768x461.jpg 768w, https:\/\/www.cordobatimes.com\/deportes\/wp-content\/uploads\/2016\/09\/bieler-belgrano_0-1440x864_c-1024x614.jpg 1024w\" sizes=\"auto, (max-width: 1440px) 100vw, 1440px\" \/><\/a>Con un tanto de Bieler y otro de Luj\u00e1n, el Pirata se impuso por 2 a 1 en condici\u00f3n de visitante ante el conjunto brasile\u00f1o y dio un paso importante de cara a la clasificaci\u00f3n a cuartos.<\/strong><\/h3>\n<p>&nbsp;<\/p>\n<p class=\"caps\">Belgrano derrot\u00f3 por 2 a 1 a Coritiba, en la ida de los octavos de final de la Copa Sudamericana, en Brasil y consigui\u00f3 una importante ventaja de cara a la revancha en C\u00f3rdoba.<\/p>\n<p>Bieler se encarg\u00f3 de establecer el 1 a 0, a los 3 minutos del primer tiempo, tras un estupendo remate. Sobre el final de la etapa inicial, Olave contuvo un penal a Richards. Lujan, de cabeza, ampli\u00f3 la diferencia para el elenco Pirata a los 4 minutos del complemento. A 15 minutos del final, Leandro (de penal) descont\u00f3 para los locales.<\/p>\n<p>El pr\u00f3ximo mi\u00e9rcoles 28 de septiembre desde las 21.45, Belgrano recibir\u00e1 a Coritiba con el objetivo de clasificar a los cuartos de final del certamen internacional.<\/p>\n<p>Mir\u00e1 el tanto de Bieler:<\/p>\n<blockquote class=\"twitter-video\" data-lang=\"es\">\n<p dir=\"ltr\" lang=\"es\"><a href=\"https:\/\/twitter.com\/hashtag\/Belgrano?src=hash\">#Belgrano<\/a> El GOL de Bieler <a href=\"https:\/\/t.co\/RCq9NWRA7F\">pic.twitter.com\/RCq9NWRA7F<\/a><\/p>\n<p>\u2014 Santi Arias (@ariassanti) <a href=\"https:\/\/twitter.com\/ariassanti\/status\/778762729700163585\">22 de septiembre de 2016<\/a><\/p><\/blockquote>\n<p><script src=\"\/\/platform.twitter.com\/widgets.js\" async=\"\" charset=\"utf-8\"><\/script>El penal que contuvo Olave:<\/p>\n<blockquote class=\"twitter-video\" data-lang=\"es\"><p>\nJusticia. No hab\u00eda sido penal y OLAVE QUE ESTAS EN LAS ALTURAS LO ATAJ\u00d3. Sigue ganando la B 1 a 0. <a href=\"https:\/\/t.co\/vsplRhkEgd\">pic.twitter.com\/vsplRhkEgd<\/a> \u2014 Jos\u00e9 Luis Marchini (@marquini_colo) <a href=\"https:\/\/twitter.com\/marquini_colo\/status\/778768256110891009\">22 de septiembre de 2016<\/a>\n<\/p><\/blockquote>\n<p><script src=\"\/\/platform.twitter.com\/widgets.js\" async=\"\" charset=\"utf-8\"><\/script><\/p>\n<p>El segundo tanto del Pirata:<\/p>\n<blockquote class=\"twitter-video\" data-lang=\"es\">\n<p dir=\"ltr\" lang=\"es\">El gol de Luj\u00e1n, emboquillada de cabeza, para poner <a href=\"https:\/\/twitter.com\/hashtag\/Curitiba?src=hash\">#Curitiba<\/a> 0 <a href=\"https:\/\/twitter.com\/hashtag\/Belgrano?src=hash\">#Belgrano<\/a> 2. El pirata peg\u00f3 2 veces en los arranques de cada tiempo. <a href=\"https:\/\/t.co\/jyMGUsA1I9\">pic.twitter.com\/jyMGUsA1I9<\/a><\/p>\n<p>\u2014 Toque &amp; Toque (@ToqueYToqueOk) <a href=\"https:\/\/twitter.com\/ToqueYToqueOk\/status\/778777357087825920\">22 de septiembre de 2016<\/a><\/p><\/blockquote>\n<p><script src=\"\/\/platform.twitter.com\/widgets.js\" async=\"\" charset=\"utf-8\"><\/script>El descuento de Coritiba:<\/p>\n<blockquote class=\"twitter-tweet\" data-lang=\"es\"><p>\n<a href=\"https:\/\/twitter.com\/hashtag\/CopaSudamericana?src=hash\">#CopaSudamericana<\/a> \u00a1GOL DE CORITIBA! De penal, descuenta 1-2 ante Belgrano. <a href=\"https:\/\/t.co\/GGgITyO0ws\">https:\/\/t.co\/GGgITyO0ws<\/a> \u2014 TyC Sports (@TyCSports) <a href=\"https:\/\/twitter.com\/TyCSports\/status\/778781129788751873\">22 de septiembre de 2016<\/a>\n<\/p><\/blockquote>\n<p><script src=\"\/\/platform.twitter.com\/widgets.js\" async=\"\" charset=\"utf-8\"><\/script><\/p>\n","protected":false},"excerpt":{"rendered":"<p>Con un tanto de Bieler y otro de Luj\u00e1n, el Pirata se impuso por 2 a 1 en condici\u00f3n de visitante ante el conjunto brasile\u00f1o y dio un paso importante de cara a la clasificaci\u00f3n a cuartos. &nbsp; Belgrano derrot\u00f3 por 2 a 1 a Coritiba, en la ida de los octavos de final de [&hellip;]<\/p>\n","protected":false},"author":1,"featured_media":31120,"comment_status":"closed","ping_status":"open","sticky":false,"template":"","format":"standard","meta":{"_seopress_robots_primary_cat":"","_seopress_titles_title":"","_seopress_titles_desc":"","_seopress_robots_index":"","footnotes":""},"categories":[23,2],"tags":[5862,5570,5861],"class_list":["post-31119","post","type-post","status-publish","format-standard","has-post-thumbnail","hentry","category-copa-sudamericana","category-futbol","tag-belgrano-coritiva","tag-copa-sudamericana","tag-gol-de-bieler"],"_links":{"self":[{"href":"https:\/\/www.cordobatimes.com\/deportes\/wp-json\/wp\/v2\/posts\/31119","targetHints":{"allow":["GET"]}}],"collection":[{"href":"https:\/\/www.cordobatimes.com\/deportes\/wp-json\/wp\/v2\/posts"}],"about":[{"href":"https:\/\/www.cordobatimes.com\/deportes\/wp-json\/wp\/v2\/types\/post"}],"author":[{"embeddable":true,"href":"https:\/\/www.cordobatimes.com\/deportes\/wp-json\/wp\/v2\/users\/1"}],"replies":[{"embeddable":true,"href":"https:\/\/www.cordobatimes.com\/deportes\/wp-json\/wp\/v2\/comments?post=31119"}],"version-history":[{"count":0,"href":"https:\/\/www.cordobatimes.com\/deportes\/wp-json\/wp\/v2\/posts\/31119\/revisions"}],"wp:featuredmedia":[{"embeddable":true,"href":"https:\/\/www.cordobatimes.com\/deportes\/wp-json\/wp\/v2\/media\/31120"}],"wp:attachment":[{"href":"https:\/\/www.cordobatimes.com\/deportes\/wp-json\/wp\/v2\/media?parent=31119"}],"wp:term":[{"taxonomy":"category","embeddable":true,"href":"https:\/\/www.cordobatimes.com\/deportes\/wp-json\/wp\/v2\/categories?post=31119"},{"taxonomy":"post_tag","embeddable":true,"href":"https:\/\/www.cordobatimes.com\/deportes\/wp-json\/wp\/v2\/tags?post=31119"}],"curies":[{"name":"wp","href":"https:\/\/api.w.org\/{rel}","templated":true}]}}