{"id":31070,"date":"2016-09-17T21:32:59","date_gmt":"2016-09-18T00:32:59","guid":{"rendered":"http:\/\/www.cordobatimes.com\/deportes\/?p=31070"},"modified":"2016-09-18T14:41:37","modified_gmt":"2016-09-18T17:41:37","slug":"instituto-de-local-cayo-frente-a-estudiantes-de-san-luis","status":"publish","type":"post","link":"https:\/\/www.cordobatimes.com\/deportes\/futbol\/2016\/09\/17\/instituto-de-local-cayo-frente-a-estudiantes-de-san-luis\/","title":{"rendered":"Instituto de local cay\u00f3 frente a Estudiantes de San Luis"},"content":{"rendered":"<h3><a href=\"http:\/\/www.cordobatimes.com\/deportes\/wp-content\/uploads\/2016\/09\/Estudiantes-de-San-Luis-vs-Instituto.jpg\" rel=\"attachment wp-att-31071\"><img loading=\"lazy\" decoding=\"async\" class=\"alignnone  wp-image-31071\" src=\"http:\/\/www.cordobatimes.com\/deportes\/wp-content\/uploads\/2016\/09\/Estudiantes-de-San-Luis-vs-Instituto.jpg\" alt=\"estudiantes-de-san-luis-vs-instituto\" width=\"789\" height=\"573\" data-id=\"31071\" srcset=\"https:\/\/www.cordobatimes.com\/deportes\/wp-content\/uploads\/2016\/09\/Estudiantes-de-San-Luis-vs-Instituto.jpg 620w, https:\/\/www.cordobatimes.com\/deportes\/wp-content\/uploads\/2016\/09\/Estudiantes-de-San-Luis-vs-Instituto-300x218.jpg 300w\" sizes=\"auto, (max-width: 789px) 100vw, 789px\" \/><\/a><\/h3>\n<h3><strong>Fue 2 a 1. El ex jugador de Talleres, Roberto Moreira Aldana, marc\u00f3 los dos goles del elenco puntano, uno de penal. Facundo Ag\u00fcero descont\u00f3 para la &#8220;Gloria&#8221;, que qued\u00f3 con cinco puntos en la tabla.<\/strong><\/h3>\n<p>Los goles de Roberto Moreira Aldana provocaron la primera ca\u00edda de Instituto en el torneo de la Primera B Nacional.<\/p>\n<p>Fue derrota 2 a 1, luego de que la Gloria tuviera un buen desempe\u00f1o en el primer tiempo del cotejo. El descuento, para el Albirrojo, fue convertido por Facundo Ag\u00fcero.<\/p>\n<p>El pr\u00f3ximo partido de La Gloria ser\u00e1 el martes, desde las 20.15, contra Douglas Haig, en Pergamino.<\/p>\n<p><strong>Formaciones:<\/strong><\/p>\n<p><strong>Instituto:<\/strong> Mat\u00edas Garavano; Luis Castillo, Facundo Ag\u00fcero, Ramiro Gonz\u00e1lez Hern\u00e1ndez y Emiliano Endrizzi; Esteban Orfano, Fabio V\u00e1zquez, Mat\u00edas Nizzo o Marcos Quiroga y Diego Tonetto; Pablo Magn\u00edn y Diego Jara. DT: Iv\u00e1n Delfino.<\/p>\n<p><strong>Sportivo Estudiantes: <\/strong>Valent\u00edn Brasca; Yeison Murillo, Leandro Corulo, Marcelo Mosset y Fernando Biela; Daniel Quiroga; Agust\u00edn Curima, Gabriel Chironi y Santiago Rodr\u00edguez; Leonel Felice y Roberto Moreira Aldana. DT: Sebasti\u00e1n Rambert.<\/p>\n<p>Estadio: Instituto.<\/p>\n<p>\u00c1rbitro: Sa\u00fal Laverni.<\/p>\n<p>&nbsp;<\/p>\n<blockquote class=\"twitter-video\" data-lang=\"es\">\n<p dir=\"ltr\" lang=\"es\">\u00a1GOL DE ESTUDIANTES (SL)! Moreira Aldana pone el 1-0 ante Instituto en C\u00f3rdoba. <a href=\"https:\/\/t.co\/YDQamenycb\">https:\/\/t.co\/YDQamenycb<\/a><\/p>\n<p>\u2014 TyC Sports Play (@TyCSportsPlay) <a href=\"https:\/\/twitter.com\/TyCSportsPlay\/status\/777305495690289152\">18 de septiembre de 2016<\/a><\/p><\/blockquote>\n<p>&nbsp;<\/p>\n<blockquote class=\"twitter-video\" data-lang=\"es\">\n<p dir=\"ltr\" lang=\"es\">\u00a1GOL DE ESTUDIANTES (SL)! Moreira Aldana, de penal, puso el 2-0 ante Instituto en C\u00f3rdoba. <a href=\"https:\/\/t.co\/zxdslq1Evq\">https:\/\/t.co\/zxdslq1Evq<\/a><\/p>\n<p>\u2014 TyC Sports Play (@TyCSportsPlay) <a href=\"https:\/\/twitter.com\/TyCSportsPlay\/status\/777308220901568512\">18 de septiembre de 2016<\/a><\/p><\/blockquote>\n<p>&nbsp;<\/p>\n<blockquote class=\"twitter-video\" data-lang=\"es\">\n<p dir=\"ltr\" lang=\"es\">\u00a1GOL DE INSTITUTO! Ag\u00fcero descuenta y Estudiantes ahora gana por 2-1 en C\u00f3rdoba. <a href=\"https:\/\/t.co\/Ck0kURv1tr\">https:\/\/t.co\/Ck0kURv1tr<\/a><\/p>\n<p>\u2014 TyC Sports Play (@TyCSportsPlay) <a href=\"https:\/\/twitter.com\/TyCSportsPlay\/status\/777311306483322881\">18 de septiembre de 2016<\/a><\/p><\/blockquote>\n<p>&nbsp;<\/p>\n","protected":false},"excerpt":{"rendered":"<p>Fue 2 a 1. El ex jugador de Talleres, Roberto Moreira Aldana, marc\u00f3 los dos goles del elenco puntano, uno de penal. Facundo Ag\u00fcero descont\u00f3 para la &#8220;Gloria&#8221;, que qued\u00f3 con cinco puntos en la tabla. Los goles de Roberto Moreira Aldana provocaron la primera ca\u00edda de Instituto en el torneo de la Primera B [&hellip;]<\/p>\n","protected":false},"author":1,"featured_media":31071,"comment_status":"closed","ping_status":"open","sticky":false,"template":"","format":"standard","meta":{"_seopress_robots_primary_cat":"","_seopress_titles_title":"","_seopress_titles_desc":"","_seopress_robots_index":"","footnotes":""},"categories":[2,17],"tags":[5574,4995,35,76,5844],"class_list":["post-31070","post","type-post","status-publish","format-standard","has-post-thumbnail","hentry","category-futbol","category-nacional-b","tag-5574","tag-estudiantes-de-san-luis","tag-instituto","tag-goles","tag-nacionaol-b"],"_links":{"self":[{"href":"https:\/\/www.cordobatimes.com\/deportes\/wp-json\/wp\/v2\/posts\/31070","targetHints":{"allow":["GET"]}}],"collection":[{"href":"https:\/\/www.cordobatimes.com\/deportes\/wp-json\/wp\/v2\/posts"}],"about":[{"href":"https:\/\/www.cordobatimes.com\/deportes\/wp-json\/wp\/v2\/types\/post"}],"author":[{"embeddable":true,"href":"https:\/\/www.cordobatimes.com\/deportes\/wp-json\/wp\/v2\/users\/1"}],"replies":[{"embeddable":true,"href":"https:\/\/www.cordobatimes.com\/deportes\/wp-json\/wp\/v2\/comments?post=31070"}],"version-history":[{"count":0,"href":"https:\/\/www.cordobatimes.com\/deportes\/wp-json\/wp\/v2\/posts\/31070\/revisions"}],"wp:featuredmedia":[{"embeddable":true,"href":"https:\/\/www.cordobatimes.com\/deportes\/wp-json\/wp\/v2\/media\/31071"}],"wp:attachment":[{"href":"https:\/\/www.cordobatimes.com\/deportes\/wp-json\/wp\/v2\/media?parent=31070"}],"wp:term":[{"taxonomy":"category","embeddable":true,"href":"https:\/\/www.cordobatimes.com\/deportes\/wp-json\/wp\/v2\/categories?post=31070"},{"taxonomy":"post_tag","embeddable":true,"href":"https:\/\/www.cordobatimes.com\/deportes\/wp-json\/wp\/v2\/tags?post=31070"}],"curies":[{"name":"wp","href":"https:\/\/api.w.org\/{rel}","templated":true}]}}