{"id":30928,"date":"2016-08-31T19:13:14","date_gmt":"2016-08-31T22:13:14","guid":{"rendered":"http:\/\/www.cordobatimes.com\/deportes\/?p=30928"},"modified":"2016-08-31T19:18:15","modified_gmt":"2016-08-31T22:18:15","slug":"primera-division-la-segunda-fecha-ya-tiene-dias-y-horarios","status":"publish","type":"post","link":"https:\/\/www.cordobatimes.com\/deportes\/futbol\/2016\/08\/31\/primera-division-la-segunda-fecha-ya-tiene-dias-y-horarios\/","title":{"rendered":"Primera Divisi\u00f3n: La segunda fecha ya tiene d\u00edas y horarios"},"content":{"rendered":"<h3><strong><a href=\"http:\/\/www.cordobatimes.com\/deportes\/wp-content\/uploads\/2016\/04\/pelota_afa_650.jpg\" rel=\"attachment wp-att-30096\"><img loading=\"lazy\" decoding=\"async\" class=\"wp-image-30096 aligncenter\" src=\"http:\/\/www.cordobatimes.com\/deportes\/wp-content\/uploads\/2016\/04\/pelota_afa_650.jpg\" alt=\"pelota_afa\" width=\"578\" height=\"330\" data-id=\"30096\" srcset=\"https:\/\/www.cordobatimes.com\/deportes\/wp-content\/uploads\/2016\/04\/pelota_afa_650.jpg 568w, https:\/\/www.cordobatimes.com\/deportes\/wp-content\/uploads\/2016\/04\/pelota_afa_650-300x171.jpg 300w\" sizes=\"auto, (max-width: 578px) 100vw, 578px\" \/><\/a><\/strong><\/h3>\n<h3><strong>Entr\u00e1 y conoc\u00e9 c\u00f3mo se jugar\u00e1 una nueva jornada del f\u00fatbol argentino, que se desarrollar\u00e1 luego de las Eliminatorias Sudamericanas.<\/strong><\/h3>\n<p class=\"capital\">Asociaci\u00f3n del F\u00fatbol Argentino (AFA) dio a conocer este martes el cronograma de partidos correspondientes a la segunda fecha del torneo de Primera Divisi\u00f3n.<\/p>\n<p>La competencia reci\u00e9n volver\u00e1 el pr\u00f3ximo 9 de septiembre debido a que hay un receso por la presentaci\u00f3n de la Selecci\u00f3n Argentina en las Eliminatorias Sudamericanas.<\/p>\n<p><strong>PRIMERA DIVISION \u2013 FECHA 2<\/strong><\/p>\n<p><strong>Viernes 9 de septiembre<\/strong><\/p>\n<p>19:00 Patronato <strong>vs.<\/strong> Gimnasia (LP)<br \/>\n21:15 Hurac\u00e1n <strong>vs.<\/strong> Quilmes<\/p>\n<p><strong>S\u00e1bado 10 de septiembre<\/strong><\/p>\n<p>14:00 Olimpo <strong>vs.<\/strong> Lan\u00fas<br \/>\n14:45 Banfield <strong>vs.<\/strong> Col\u00f3n<br \/>\n16:00 San Mart\u00edn (SJ)<strong> vs.<\/strong> Racing<br \/>\n17:00 Uni\u00f3n <strong>vs.<\/strong> Aldosivi<br \/>\n18:00 Defensa y Justicia <strong>vs.<\/strong> San Lorenzo<br \/>\n20:00 Independiente <strong>vs.<\/strong> Godoy Cruz<\/p>\n<p><strong>Domingo 11 de septiembre<\/strong><\/p>\n<p>14:00 Newell&#8217;s <strong>vs.<\/strong> Tigre<br \/>\n16:00 V\u00e9lez <strong>vs.<\/strong> Rosario Central<br \/>\n16:15 Estudiantes <strong>vs.<\/strong> Sarmiento<br \/>\n<span style=\"color: #00ccff;\"><strong>18:00 Boca vs. Belgrano<\/strong><\/span><br \/>\n<strong><span style=\"color: #0000ff;\">20:00 Talleres vs. River<\/span><\/strong><\/p>\n<p><strong>Lunes 12 de septiembre<\/strong><\/p>\n<p>19:00 Arsenal <strong>vs.<\/strong> Atl\u00e9tico Tucum\u00e1n<br \/>\n21:15 Atl\u00e9tico de Rafaela <strong>vs.<\/strong>Temperley<\/p>\n","protected":false},"excerpt":{"rendered":"<p>Entr\u00e1 y conoc\u00e9 c\u00f3mo se jugar\u00e1 una nueva jornada del f\u00fatbol argentino, que se desarrollar\u00e1 luego de las Eliminatorias Sudamericanas. Asociaci\u00f3n del F\u00fatbol Argentino (AFA) dio a conocer este martes el cronograma de partidos correspondientes a la segunda fecha del torneo de Primera Divisi\u00f3n. La competencia reci\u00e9n volver\u00e1 el pr\u00f3ximo 9 de septiembre debido a [&hellip;]<\/p>\n","protected":false},"author":1,"featured_media":30096,"comment_status":"closed","ping_status":"open","sticky":false,"template":"","format":"standard","meta":{"_seopress_robots_primary_cat":"","_seopress_titles_title":"","_seopress_titles_desc":"","_seopress_robots_index":"","footnotes":""},"categories":[2,16],"tags":[526,5354,295,5050,5795],"class_list":["post-30928","post","type-post","status-publish","format-standard","has-post-thumbnail","hentry","category-futbol","category-primera-division","tag-hu","tag-calendario","tag-fixture","tag-segunda-fecha","tag-torneo-de-primera-division"],"_links":{"self":[{"href":"https:\/\/www.cordobatimes.com\/deportes\/wp-json\/wp\/v2\/posts\/30928","targetHints":{"allow":["GET"]}}],"collection":[{"href":"https:\/\/www.cordobatimes.com\/deportes\/wp-json\/wp\/v2\/posts"}],"about":[{"href":"https:\/\/www.cordobatimes.com\/deportes\/wp-json\/wp\/v2\/types\/post"}],"author":[{"embeddable":true,"href":"https:\/\/www.cordobatimes.com\/deportes\/wp-json\/wp\/v2\/users\/1"}],"replies":[{"embeddable":true,"href":"https:\/\/www.cordobatimes.com\/deportes\/wp-json\/wp\/v2\/comments?post=30928"}],"version-history":[{"count":0,"href":"https:\/\/www.cordobatimes.com\/deportes\/wp-json\/wp\/v2\/posts\/30928\/revisions"}],"wp:featuredmedia":[{"embeddable":true,"href":"https:\/\/www.cordobatimes.com\/deportes\/wp-json\/wp\/v2\/media\/30096"}],"wp:attachment":[{"href":"https:\/\/www.cordobatimes.com\/deportes\/wp-json\/wp\/v2\/media?parent=30928"}],"wp:term":[{"taxonomy":"category","embeddable":true,"href":"https:\/\/www.cordobatimes.com\/deportes\/wp-json\/wp\/v2\/categories?post=30928"},{"taxonomy":"post_tag","embeddable":true,"href":"https:\/\/www.cordobatimes.com\/deportes\/wp-json\/wp\/v2\/tags?post=30928"}],"curies":[{"name":"wp","href":"https:\/\/api.w.org\/{rel}","templated":true}]}}