{"id":30920,"date":"2016-08-31T18:36:02","date_gmt":"2016-08-31T21:36:02","guid":{"rendered":"http:\/\/www.cordobatimes.com\/deportes\/?p=30920"},"modified":"2016-08-31T18:36:02","modified_gmt":"2016-08-31T21:36:02","slug":"bauza-ratifico-el-equipo-para-enfrentar-a-uruguay","status":"publish","type":"post","link":"https:\/\/www.cordobatimes.com\/deportes\/futbol\/2016\/08\/31\/bauza-ratifico-el-equipo-para-enfrentar-a-uruguay\/","title":{"rendered":"Bauza ratific\u00f3 el equipo para enfrentar a Uruguay"},"content":{"rendered":"<h3><a href=\"http:\/\/www.cordobatimes.com\/deportes\/wp-content\/uploads\/2016\/08\/crmwmylxyaaxaea-1440x864_c.jpg\" rel=\"attachment wp-att-30921\"><img loading=\"lazy\" decoding=\"async\" class=\"alignnone size-full wp-image-30921\" src=\"http:\/\/www.cordobatimes.com\/deportes\/wp-content\/uploads\/2016\/08\/crmwmylxyaaxaea-1440x864_c.jpg\" alt=\"crmwmylxyaaxaea-1440x864_c\" width=\"1440\" height=\"864\" data-id=\"30921\" srcset=\"https:\/\/www.cordobatimes.com\/deportes\/wp-content\/uploads\/2016\/08\/crmwmylxyaaxaea-1440x864_c.jpg 1440w, https:\/\/www.cordobatimes.com\/deportes\/wp-content\/uploads\/2016\/08\/crmwmylxyaaxaea-1440x864_c-300x180.jpg 300w, https:\/\/www.cordobatimes.com\/deportes\/wp-content\/uploads\/2016\/08\/crmwmylxyaaxaea-1440x864_c-768x461.jpg 768w, https:\/\/www.cordobatimes.com\/deportes\/wp-content\/uploads\/2016\/08\/crmwmylxyaaxaea-1440x864_c-1024x614.jpg 1024w\" sizes=\"auto, (max-width: 1440px) 100vw, 1440px\" \/><\/a><\/h3>\n<h3><strong>El DT mantuvo a Lionel Messi de titular, como principal novedad. El plantel viajar\u00e1 hoy a las 18 hacia Mendoza, para el compromiso de ma\u00f1ana.<\/strong><\/h3>\n<p class=\"caps\">El entrenador del seleccionado argentino de f\u00fatbol, Edgardo Bauza, ratific\u00f3 hoy en un nuevo ensayo el equipo para el debut de ma\u00f1ana frente a Uruguay, con Lionel Messi como titular, Pablo Zabaleta y Emmanuel Mas en los laterales y Lucas Pratto en ataque.<\/p>\n<p>Tal como se preve\u00eda despu\u00e9s del entrenamiento del martes por la tarde, Bauza, en un ensayo t\u00e1ctico en el predio de Ezeiza y despu\u00e9s de una breve charla, par\u00f3 a: Sergio Romero; Zabaleta, Nicol\u00e1s Otamendi, Ramiro Funes Mori, Mas; Javier Mascherano, Lucas Biglia; Lionel Messi, Paulo Dybala, Angel Di Mar\u00eda; y Pratto.<\/p>\n<p>El regreso a la titularidad de Zabaleta fue una de las sorpresas que dio bauza, ya que Gabriel Mercado tuvo buenos rendimientos en la \u00faltima Copa Am\u00e9rica y parec\u00eda haberse ganado el lugar. De todas maneras, desde su llegada a Sevilla Mercado integr\u00f3 una l\u00ednea de tres defensores y no su habitual posici\u00f3n de lateral derecho.<\/p>\n<p>Mas, que le dio muy buenos resultados a Bauza en San Lorenzo y tuvo alguna chance con Gerardo Martino, jugar\u00e1 sobre la izquierda en lugar de Marcos Rojo, suspendido, mientras que la cara nueva con la camiseta albiceleste ser\u00e1 la de Pratto, que jugar\u00e1 como delantero de referencia, por delante de Messi, Dybala y Di Mar\u00eda.<\/p>\n<p>Bauza dio indicaciones al equipo que ser\u00e1 titular en una charla que se extendi\u00f3 durante algunos minutos y despu\u00e9s dispuso trabajos de pelota parada. El plantel argentino viajar\u00e1 hoy a las 18 hacia Mendoza para enfrentar ma\u00f1ana, desde las 20.30, a Uruguay.<\/p>\n<p>Fuente: DyN<\/p>\n","protected":false},"excerpt":{"rendered":"<p>El DT mantuvo a Lionel Messi de titular, como principal novedad. El plantel viajar\u00e1 hoy a las 18 hacia Mendoza, para el compromiso de ma\u00f1ana. El entrenador del seleccionado argentino de f\u00fatbol, Edgardo Bauza, ratific\u00f3 hoy en un nuevo ensayo el equipo para el debut de ma\u00f1ana frente a Uruguay, con Lionel Messi como titular, [&hellip;]<\/p>\n","protected":false},"author":1,"featured_media":30921,"comment_status":"closed","ping_status":"open","sticky":false,"template":"","format":"standard","meta":{"_seopress_robots_primary_cat":"","_seopress_titles_title":"","_seopress_titles_desc":"","_seopress_robots_index":"","footnotes":""},"categories":[2],"tags":[5791,605,2929,5786,5790,5789,4076,4531,5788,542,5787],"class_list":["post-30920","post","type-post","status-publish","format-standard","has-post-thumbnail","hentry","category-futbol","tag-angel-di-maria-pratto","tag-eliminatorias","tag-formacion","tag-los-11-de-bauza","tag-lucas-biglia-lionel-messi","tag-mas-javier-mascherano","tag-nicolas-otamendi","tag-paulo-dybala","tag-ramiro-funes-mori","tag-seleccion-argentina","tag-sergio-romero-zabaleta"],"_links":{"self":[{"href":"https:\/\/www.cordobatimes.com\/deportes\/wp-json\/wp\/v2\/posts\/30920","targetHints":{"allow":["GET"]}}],"collection":[{"href":"https:\/\/www.cordobatimes.com\/deportes\/wp-json\/wp\/v2\/posts"}],"about":[{"href":"https:\/\/www.cordobatimes.com\/deportes\/wp-json\/wp\/v2\/types\/post"}],"author":[{"embeddable":true,"href":"https:\/\/www.cordobatimes.com\/deportes\/wp-json\/wp\/v2\/users\/1"}],"replies":[{"embeddable":true,"href":"https:\/\/www.cordobatimes.com\/deportes\/wp-json\/wp\/v2\/comments?post=30920"}],"version-history":[{"count":0,"href":"https:\/\/www.cordobatimes.com\/deportes\/wp-json\/wp\/v2\/posts\/30920\/revisions"}],"wp:featuredmedia":[{"embeddable":true,"href":"https:\/\/www.cordobatimes.com\/deportes\/wp-json\/wp\/v2\/media\/30921"}],"wp:attachment":[{"href":"https:\/\/www.cordobatimes.com\/deportes\/wp-json\/wp\/v2\/media?parent=30920"}],"wp:term":[{"taxonomy":"category","embeddable":true,"href":"https:\/\/www.cordobatimes.com\/deportes\/wp-json\/wp\/v2\/categories?post=30920"},{"taxonomy":"post_tag","embeddable":true,"href":"https:\/\/www.cordobatimes.com\/deportes\/wp-json\/wp\/v2\/tags?post=30920"}],"curies":[{"name":"wp","href":"https:\/\/api.w.org\/{rel}","templated":true}]}}