{"id":30907,"date":"2016-08-27T20:42:33","date_gmt":"2016-08-27T23:42:33","guid":{"rendered":"http:\/\/www.cordobatimes.com\/deportes\/?p=30907"},"modified":"2016-08-27T20:42:33","modified_gmt":"2016-08-27T23:42:33","slug":"real-madrid-vencio-ajustadamente-al-celta-en-el-bernabeu","status":"publish","type":"post","link":"https:\/\/www.cordobatimes.com\/deportes\/futbol\/2016\/08\/27\/real-madrid-vencio-ajustadamente-al-celta-en-el-bernabeu\/","title":{"rendered":"Real Madrid venci\u00f3 ajustadamente al Celta en el Bernab\u00e9u"},"content":{"rendered":"<div class=\"article-header\">\n<h3><a href=\"http:\/\/www.cordobatimes.com\/deportes\/wp-content\/uploads\/2016\/08\/Real-Madris-vs-Celta.jpg\" rel=\"attachment wp-att-30908\"><img loading=\"lazy\" decoding=\"async\" class=\"size-full wp-image-30908 aligncenter\" src=\"http:\/\/www.cordobatimes.com\/deportes\/wp-content\/uploads\/2016\/08\/Real-Madris-vs-Celta.jpg\" alt=\"Real Madris vs Celta\" width=\"1440\" height=\"864\" data-id=\"30908\" srcset=\"https:\/\/www.cordobatimes.com\/deportes\/wp-content\/uploads\/2016\/08\/Real-Madris-vs-Celta.jpg 1440w, https:\/\/www.cordobatimes.com\/deportes\/wp-content\/uploads\/2016\/08\/Real-Madris-vs-Celta-300x180.jpg 300w, https:\/\/www.cordobatimes.com\/deportes\/wp-content\/uploads\/2016\/08\/Real-Madris-vs-Celta-768x461.jpg 768w, https:\/\/www.cordobatimes.com\/deportes\/wp-content\/uploads\/2016\/08\/Real-Madris-vs-Celta-1024x614.jpg 1024w\" sizes=\"auto, (max-width: 1440px) 100vw, 1440px\" \/><\/a><\/h3>\n<h3><strong>Con goles de Morata y Tony Kross, el equipo dirigido por Zinedine Zidane venci\u00f3 a los gallegos por 2 a 1; el gol del visitante lo hizo Orellana.<\/strong><\/h3>\n<\/div>\n<p class=\"caps\">Por la segunda fecha de La Liga, Real Madrid logr\u00f3 la victoria ante los dirigidos por Eduardo Berizzo y as\u00ed, lleg\u00f3 a los 6 puntos en el torneo, luego de haberle ganado a Real Sociedad en la jornada inaugural.<\/p>\n<p>En un ajustado partido,\u00a0<em>La Casa Blanca\u00a0<\/em>encontr\u00f3 el triunfo hacia el\u00a0final del encuentro, a los 81\u2032, con un zapatazo \u00a0del alem\u00e1n Tony Kross.<\/p>\n<p>El primer gol del partido lo hab\u00eda anotado Antonio Morata a los 66\u2032, despu\u00e9s de un a\u00f1o y tres meses sin anotar en el Santiago Bernabe\u00fa. El empate, en tanto, lo\u00a0consigui\u00f3\u00a0el chileno Fabi\u00e1n Orellana\u00a0a los 66\u2032.<\/p>\n<p>Con este triunfo, el Madrid cuenta con puntaje ideal para seguir en la b\u00fasqueda de un t\u00edtulo que se le niega desde la temporada 2011-2012, con Jos\u00e9 Mourinho en el banco de suplentes.<\/p>\n<p>https:\/\/www.youtube.com\/watch?v=n15_9TOwgak<\/p>\n","protected":false},"excerpt":{"rendered":"<p>Con goles de Morata y Tony Kross, el equipo dirigido por Zinedine Zidane venci\u00f3 a los gallegos por 2 a 1; el gol del visitante lo hizo Orellana. Por la segunda fecha de La Liga, Real Madrid logr\u00f3 la victoria ante los dirigidos por Eduardo Berizzo y as\u00ed, lleg\u00f3 a los 6 puntos en el [&hellip;]<\/p>\n","protected":false},"author":1,"featured_media":30908,"comment_status":"closed","ping_status":"open","sticky":false,"template":"","format":"standard","meta":{"_seopress_robots_primary_cat":"","_seopress_titles_title":"","_seopress_titles_desc":"","_seopress_robots_index":"","footnotes":""},"categories":[2,18],"tags":[1439,1612,76,70],"class_list":["post-30907","post","type-post","status-publish","format-standard","has-post-thumbnail","hentry","category-futbol","category-futbol-internacional","tag-celta","tag-liga-bbva","tag-goles","tag-real-madrid"],"_links":{"self":[{"href":"https:\/\/www.cordobatimes.com\/deportes\/wp-json\/wp\/v2\/posts\/30907","targetHints":{"allow":["GET"]}}],"collection":[{"href":"https:\/\/www.cordobatimes.com\/deportes\/wp-json\/wp\/v2\/posts"}],"about":[{"href":"https:\/\/www.cordobatimes.com\/deportes\/wp-json\/wp\/v2\/types\/post"}],"author":[{"embeddable":true,"href":"https:\/\/www.cordobatimes.com\/deportes\/wp-json\/wp\/v2\/users\/1"}],"replies":[{"embeddable":true,"href":"https:\/\/www.cordobatimes.com\/deportes\/wp-json\/wp\/v2\/comments?post=30907"}],"version-history":[{"count":0,"href":"https:\/\/www.cordobatimes.com\/deportes\/wp-json\/wp\/v2\/posts\/30907\/revisions"}],"wp:featuredmedia":[{"embeddable":true,"href":"https:\/\/www.cordobatimes.com\/deportes\/wp-json\/wp\/v2\/media\/30908"}],"wp:attachment":[{"href":"https:\/\/www.cordobatimes.com\/deportes\/wp-json\/wp\/v2\/media?parent=30907"}],"wp:term":[{"taxonomy":"category","embeddable":true,"href":"https:\/\/www.cordobatimes.com\/deportes\/wp-json\/wp\/v2\/categories?post=30907"},{"taxonomy":"post_tag","embeddable":true,"href":"https:\/\/www.cordobatimes.com\/deportes\/wp-json\/wp\/v2\/tags?post=30907"}],"curies":[{"name":"wp","href":"https:\/\/api.w.org\/{rel}","templated":true}]}}