{"id":30878,"date":"2016-08-26T05:45:04","date_gmt":"2016-08-26T08:45:04","guid":{"rendered":"http:\/\/www.cordobatimes.com\/deportes\/?p=30878"},"modified":"2016-08-26T05:45:04","modified_gmt":"2016-08-26T08:45:04","slug":"se-sortearon-los-equipos-para-los-grupos-de-la-liga-de-campeones","status":"publish","type":"post","link":"https:\/\/www.cordobatimes.com\/deportes\/futbol-internacional\/2016\/08\/26\/se-sortearon-los-equipos-para-los-grupos-de-la-liga-de-campeones\/","title":{"rendered":"Se sortearon los equipos para los grupos de la Liga de Campeones"},"content":{"rendered":"<h3><a href=\"http:\/\/www.cordobatimes.com\/deportes\/wp-content\/uploads\/2016\/08\/champions25082016.jpg\" rel=\"attachment wp-att-30879\"><img loading=\"lazy\" decoding=\"async\" class=\" wp-image-30879 aligncenter\" src=\"http:\/\/www.cordobatimes.com\/deportes\/wp-content\/uploads\/2016\/08\/champions25082016.jpg\" alt=\"champions25082016\" width=\"712\" height=\"406\" data-id=\"30879\" srcset=\"https:\/\/www.cordobatimes.com\/deportes\/wp-content\/uploads\/2016\/08\/champions25082016.jpg 642w, https:\/\/www.cordobatimes.com\/deportes\/wp-content\/uploads\/2016\/08\/champions25082016-300x171.jpg 300w\" sizes=\"auto, (max-width: 712px) 100vw, 712px\" \/><\/a><\/h3>\n<h3>El Barcelona de Messi se encuentra en el Grupo C junto al Manchester City de Sergio Ag\u00fcero y Pep Guardiola; el campe\u00f3n defensor, Real Madrid, participar\u00e1 en el Grupo F.<\/h3>\n<p class=\"capital\">Uni\u00f3n de Asociaciones Europeas de F\u00fatbol (UEFA) sorte\u00f3 esta tarde el fixture de la\u00a0Liga de Campeones para temporada 2016-2017.<\/p>\n<p>El Barcelona de Lionel Messi integrar\u00e1 el Grupo C junto al Manchester City de Sergio Ag\u00fcero y Pep Guardiola,\u00a0Borussia\u00a0M\u00f6nchengladbach y Celtic, mientras que la Juventus de Gonzalo Higua\u00edn se medir\u00e1 con el Sevilla dirigido por Jorge Sampaoli, Lyon y Dinamo Zagreb.<\/p>\n<p>El campe\u00f3n defensor, Real Madrid, participar\u00e1 del Grupo F junto a Borussia Dortmund, Sporting Lisboa y Legia de Varsovia. Adem\u00e1s, Paris Saint-Germain se encuentra en el Grupo A junto a Arsenal, Basel y Ludogorets.<\/p>\n<p>Todos los grupos:<\/p>\n<ul>\n<li>Grupo A: Paris Saint-Germain, Arsenal, Basel,\u00a0Ludogorets.<\/li>\n<li>Grupo B: Benfica, Napoli, Dynamo Kiev, Besiktas.<\/li>\n<li>Grupo C: Barcelona, Manchester City, Borussia\u00a0M\u00f6nchengladbach, Celtic.<\/li>\n<li>Grupo D: Bayern M\u00fcnich, Atl\u00e9tico de Madrid, PSV, FC Rostov.<\/li>\n<li>Grupo E: CSKA Mosc\u00fa, Bayern Leverkusen, Tottenham, M\u00f3naco.<\/li>\n<li>Grupo F: Real Madrid, Borussia Dortmund, Sporting Lisboa, Legia de Varsovia.<\/li>\n<li>Grupo G: Leicester, Porto, Brujas, FC Copenhague.<\/li>\n<li>Grupo H: Juventus, Sevilla, Lyon,\u00a0Dinamo Zagreb.<\/li>\n<\/ul>\n","protected":false},"excerpt":{"rendered":"<p>El Barcelona de Messi se encuentra en el Grupo C junto al Manchester City de Sergio Ag\u00fcero y Pep Guardiola; el campe\u00f3n defensor, Real Madrid, participar\u00e1 en el Grupo F. Uni\u00f3n de Asociaciones Europeas de F\u00fatbol (UEFA) sorte\u00f3 esta tarde el fixture de la\u00a0Liga de Campeones para temporada 2016-2017. El Barcelona de Lionel Messi integrar\u00e1 [&hellip;]<\/p>\n","protected":false},"author":1,"featured_media":30879,"comment_status":"closed","ping_status":"open","sticky":false,"template":"","format":"standard","meta":{"_seopress_robots_primary_cat":"","_seopress_titles_title":"","_seopress_titles_desc":"","_seopress_robots_index":"","footnotes":""},"categories":[18],"tags":[67,805,5779,804,5778,5780,153,70,2662],"class_list":["post-30878","post","type-post","status-publish","format-standard","has-post-thumbnail","hentry","category-futbol-internacional","tag-barcelona","tag-borussia-dortmund","tag-borussia-monchengladbach","tag-celtic","tag-grupos-champions-league","tag-legia-de-varsovia","tag-manchester-city","tag-real-madrid","tag-sporting-lisboa"],"_links":{"self":[{"href":"https:\/\/www.cordobatimes.com\/deportes\/wp-json\/wp\/v2\/posts\/30878","targetHints":{"allow":["GET"]}}],"collection":[{"href":"https:\/\/www.cordobatimes.com\/deportes\/wp-json\/wp\/v2\/posts"}],"about":[{"href":"https:\/\/www.cordobatimes.com\/deportes\/wp-json\/wp\/v2\/types\/post"}],"author":[{"embeddable":true,"href":"https:\/\/www.cordobatimes.com\/deportes\/wp-json\/wp\/v2\/users\/1"}],"replies":[{"embeddable":true,"href":"https:\/\/www.cordobatimes.com\/deportes\/wp-json\/wp\/v2\/comments?post=30878"}],"version-history":[{"count":0,"href":"https:\/\/www.cordobatimes.com\/deportes\/wp-json\/wp\/v2\/posts\/30878\/revisions"}],"wp:featuredmedia":[{"embeddable":true,"href":"https:\/\/www.cordobatimes.com\/deportes\/wp-json\/wp\/v2\/media\/30879"}],"wp:attachment":[{"href":"https:\/\/www.cordobatimes.com\/deportes\/wp-json\/wp\/v2\/media?parent=30878"}],"wp:term":[{"taxonomy":"category","embeddable":true,"href":"https:\/\/www.cordobatimes.com\/deportes\/wp-json\/wp\/v2\/categories?post=30878"},{"taxonomy":"post_tag","embeddable":true,"href":"https:\/\/www.cordobatimes.com\/deportes\/wp-json\/wp\/v2\/tags?post=30878"}],"curies":[{"name":"wp","href":"https:\/\/api.w.org\/{rel}","templated":true}]}}