{"id":30736,"date":"2016-08-16T13:57:27","date_gmt":"2016-08-16T16:57:27","guid":{"rendered":"http:\/\/www.cordobatimes.com\/deportes\/?p=30736"},"modified":"2016-08-16T13:57:27","modified_gmt":"2016-08-16T16:57:27","slug":"rio-2016-lange-y-carranza-saroli-por-el-oro","status":"publish","type":"post","link":"https:\/\/www.cordobatimes.com\/deportes\/polideportivo\/2016\/08\/16\/rio-2016-lange-y-carranza-saroli-por-el-oro\/","title":{"rendered":"R\u00edo 2016: Lange y Carranza Saroli, por el oro"},"content":{"rendered":"<h3><a href=\"http:\/\/www.cordobatimes.com\/deportes\/wp-content\/uploads\/2016\/08\/vela-equipo-argentino-en-rio-Nacra-Mixto.jpg\" rel=\"attachment wp-att-30737\"><img loading=\"lazy\" decoding=\"async\" class=\" wp-image-30737 aligncenter\" src=\"http:\/\/www.cordobatimes.com\/deportes\/wp-content\/uploads\/2016\/08\/vela-equipo-argentino-en-rio-Nacra-Mixto.jpg\" alt=\"vela - equipo argentino en rio - Nacra Mixto\" width=\"753\" height=\"429\" data-id=\"30737\" srcset=\"https:\/\/www.cordobatimes.com\/deportes\/wp-content\/uploads\/2016\/08\/vela-equipo-argentino-en-rio-Nacra-Mixto.jpg 642w, https:\/\/www.cordobatimes.com\/deportes\/wp-content\/uploads\/2016\/08\/vela-equipo-argentino-en-rio-Nacra-Mixto-300x171.jpg 300w\" sizes=\"auto, (max-width: 753px) 100vw, 753px\" \/><\/a><\/h3>\n<h3>La dupla de Nacra 17 mixto de vela, l\u00edder en la general, buscar\u00e1 la medalla dorada en la medal race que arrancar\u00e1 a las 15.20.<\/h3>\n<p class=\"capital\">El binomio Santiago Lange-Cecilia Carranza Saroli buscar\u00e1 este martes la segunda medalla de oro para Argentina en los Juegos Ol\u00edmpicos R\u00edo de Janeiro 2016 cuando se dispute la medal race de la categor\u00eda Nacra 17 mixto de vela en el club Marina da Gloria, situado en las aguas de la Bah\u00eda de Guanabara.<\/p>\n<p>La dupla argentina concluy\u00f3 la etapa regular de 12 regatas como l\u00edder de la clasificaci\u00f3n general con 65 puntos y una luz de ventaja de cinco sobre sus escoltas italianos (Vittorio Bissaro-Silvia Sicouri), de modo que el t\u00edtulo estar\u00e1 garantizado si terminan entre el primer y tercer puesto de la carrera definitoria, que punt\u00faa doble.<\/p>\n<p>Descartada la d\u00e9cima regata en la que fue descalificada, la pareja argentina, subcampeona del Mundial Santander 2014 present\u00f3 una planilla con las siguientes posiciones en el resto de las carreras: 11, 2, 13, 2, 12, 6, 1, 6, 9, 2 y 1.<\/p>\n<p>Las otras parejas que participar\u00e1n de la medal race con aspiraciones de un lugar en el podio ser\u00e1n: los autr\u00edacos Thomas Zajac-Tanja Frank (72), los australianos Jason Waterhouse-Lisa Darmanin (74), los neozelandeces Gemma Jones-Jason Saunders (79), los suizos Matias Buhler-Nathalie Brugger (80) y los franceses Billy Besson-Marie Riou (83).<\/p>\n<p>De no mediar una p\u00e9sima actuaci\u00f3n ma\u00f1ana, la n\u00e1utica argentina mantendr\u00e1 su costumbre de ganar una medalla ol\u00edmpica como sucede desde Atlanta 1996.\u00a0Carlos Esp\u00ednola inici\u00f3 la racha con dos platas en clase Mistral (Atlanta y Sydney 2000); Javier Conte-Juan De la Fuente (470) y Serena Amato (Europa) fueron bronce en Australia; Esp\u00ednola-Lange (Tornado) se clasificaron terceros en Atenas 2004 y Beijing 2008 y finalmente la dupla Lucas Calabrese-Juan De la Fuente (470) ganaron el bronce en Londres 2012.<\/p>\n","protected":false},"excerpt":{"rendered":"<p>La dupla de Nacra 17 mixto de vela, l\u00edder en la general, buscar\u00e1 la medalla dorada en la medal race que arrancar\u00e1 a las 15.20. El binomio Santiago Lange-Cecilia Carranza Saroli buscar\u00e1 este martes la segunda medalla de oro para Argentina en los Juegos Ol\u00edmpicos R\u00edo de Janeiro 2016 cuando se dispute la medal race [&hellip;]<\/p>\n","protected":false},"author":1,"featured_media":30737,"comment_status":"closed","ping_status":"open","sticky":false,"template":"","format":"standard","meta":{"_seopress_robots_primary_cat":"","_seopress_titles_title":"","_seopress_titles_desc":"","_seopress_robots_index":"","footnotes":""},"categories":[5592,6],"tags":[5728,5727,5726,4858],"class_list":["post-30736","post","type-post","status-publish","format-standard","has-post-thumbnail","hentry","category-juegos-olimpicos","category-polideportivo","tag-lange-y-carranza-saroli","tag-mixto-de-vela","tag-nacra","tag-rio-2016"],"_links":{"self":[{"href":"https:\/\/www.cordobatimes.com\/deportes\/wp-json\/wp\/v2\/posts\/30736","targetHints":{"allow":["GET"]}}],"collection":[{"href":"https:\/\/www.cordobatimes.com\/deportes\/wp-json\/wp\/v2\/posts"}],"about":[{"href":"https:\/\/www.cordobatimes.com\/deportes\/wp-json\/wp\/v2\/types\/post"}],"author":[{"embeddable":true,"href":"https:\/\/www.cordobatimes.com\/deportes\/wp-json\/wp\/v2\/users\/1"}],"replies":[{"embeddable":true,"href":"https:\/\/www.cordobatimes.com\/deportes\/wp-json\/wp\/v2\/comments?post=30736"}],"version-history":[{"count":0,"href":"https:\/\/www.cordobatimes.com\/deportes\/wp-json\/wp\/v2\/posts\/30736\/revisions"}],"wp:featuredmedia":[{"embeddable":true,"href":"https:\/\/www.cordobatimes.com\/deportes\/wp-json\/wp\/v2\/media\/30737"}],"wp:attachment":[{"href":"https:\/\/www.cordobatimes.com\/deportes\/wp-json\/wp\/v2\/media?parent=30736"}],"wp:term":[{"taxonomy":"category","embeddable":true,"href":"https:\/\/www.cordobatimes.com\/deportes\/wp-json\/wp\/v2\/categories?post=30736"},{"taxonomy":"post_tag","embeddable":true,"href":"https:\/\/www.cordobatimes.com\/deportes\/wp-json\/wp\/v2\/tags?post=30736"}],"curies":[{"name":"wp","href":"https:\/\/api.w.org\/{rel}","templated":true}]}}