{"id":30673,"date":"2016-08-14T21:40:41","date_gmt":"2016-08-15T00:40:41","guid":{"rendered":"http:\/\/www.cordobatimes.com\/deportes\/?p=30673"},"modified":"2016-08-14T22:08:09","modified_gmt":"2016-08-15T01:08:09","slug":"del-potro-es-plata-olimpica-que-vale-oro","status":"publish","type":"post","link":"https:\/\/www.cordobatimes.com\/deportes\/tenis\/2016\/08\/14\/del-potro-es-plata-olimpica-que-vale-oro\/","title":{"rendered":"Del Potro es plata ol\u00edmpica que vale oro"},"content":{"rendered":"<h3><strong><a href=\"http:\/\/www.cordobatimes.com\/deportes\/wp-content\/uploads\/2016\/08\/del-potro-de-plata.jpg\" rel=\"attachment wp-att-30699\"><img loading=\"lazy\" decoding=\"async\" class=\"wp-image-30699 aligncenter\" src=\"http:\/\/www.cordobatimes.com\/deportes\/wp-content\/uploads\/2016\/08\/del-potro-de-plata-1024x576.jpg\" alt=\"del potro de plata\" width=\"756\" height=\"425\" data-id=\"30699\" srcset=\"https:\/\/www.cordobatimes.com\/deportes\/wp-content\/uploads\/2016\/08\/del-potro-de-plata-1024x576.jpg 1024w, https:\/\/www.cordobatimes.com\/deportes\/wp-content\/uploads\/2016\/08\/del-potro-de-plata-300x169.jpg 300w, https:\/\/www.cordobatimes.com\/deportes\/wp-content\/uploads\/2016\/08\/del-potro-de-plata-768x432.jpg 768w, https:\/\/www.cordobatimes.com\/deportes\/wp-content\/uploads\/2016\/08\/del-potro-de-plata.jpg 1360w\" sizes=\"auto, (max-width: 756px) 100vw, 756px\" \/><\/a><\/strong><\/h3>\n<h3 class=\"primero\"><strong>La medalla de plata y sus ocho d\u00edas m\u00e1gicos en R\u00edo 2016 lo sit\u00faan ante una nueva oportunidad en su carrera<\/strong><\/h3>\n<p class=\"primero\">Del cuello de Juan Mart\u00edn Del Potro cuelgan ya tres medallas. Dos son ol\u00edmpicas, de bronce y de plata. La tercera, aunque invisible, es de oro, y por lo tanto la m\u00e1s importante: la tiene por haber vuelto de una situaci\u00f3n desesperada y desesperante, por creer cuando la mayor\u00eda -y por momentos \u00e9l mismo- ya no cre\u00eda.<\/p>\n<p>A lo largo de toda su carrera, Del Potro hizo dos cosas con gran consistencia: ganar hasta convertirse en una de las grandes figuras del tenis fue una. \u00a1Y vuelve a serlo!<\/p>\n<p>Llorar fue la otra.<\/p>\n<p>El gigante de Tandil es, quiz\u00e1s, el m\u00e1s emotivo de nuestros deportistas. Confes\u00f3 en R\u00edo que llor\u00f3 todas las noches en sus ocho d\u00edas m\u00e1gicos del tenis ol\u00edmpico, cont\u00f3 hace cuatro a\u00f1os que llor\u00f3 hasta las cuatro de la madrugada cuando Roger Federer lo priv\u00f3 de la lucha por el oro en Londres 2012 y llor\u00f3 antes y despu\u00e9s de series de Copa Davis, de grandes t\u00edtulos o, simplemente, durante sus peores momentos, durante las largas etapas de absoluta incertidumbre que le toc\u00f3 vivir. Llor\u00f3 hoy, como llor\u00f3 intensamente Andy Murray. Que alguien se r\u00eda de los hombres que lloran. Nada m\u00e1s noble que demostrar los sentimientos.<\/p>\n<p>Alcanza un dato para explicar por qu\u00e9 Del Potro tiene derecho a llorar, reir o lo que quiera: de los \u00faltimos cinco a\u00f1os estuvo dos y medio sin jugar. Que alguien que atraves\u00f3 eso haya disputado hoy el oro ol\u00edmpico quit\u00e1ndose del camino a Novak Djokovic, Rafael Nadal y llevando al l\u00edmite a Murray es. para el asombro. Y lo habilita a mostrar esa sensibilidad, esas emociones a flor de piel que marcaron su carrera. Desde la se\u00f1al de la cruz mirando al cielo para recordar a su hermana hasta aquel video de hace poco m\u00e1s de un a\u00f1o, 15 de junio de 2015, en el que se lo ve\u00eda aferrar un almohad\u00f3n gris y largar frases plenas de desesperanza. &#8220;No quiero pelearme con el tenis, no quiero llegar a odiar este deporte&#8221; fue una; &#8220;Busqu\u00e9 recuperarme a m\u00ed mismo como persona y dejar un poco de lado al tenista o al jugador&#8221;, otra. Y estremec\u00eda, apenaba, el deseo del final: &#8220;Empezar a ser feliz, tener un cuerpo sano y estar contento, con o sin la raqueta&#8221;.<\/p>\n<p>Todo eso es pasado. Del Potro habla y el tema ya no es la mu\u00f1eca ni las operaciones. Toda la prensa internacional en R\u00edo celebra su regreso, las grandes firmas del tenis dan por hecho que est\u00e1 de vuelta en el gran escenario. La mu\u00f1eca, el almohad\u00f3n apretado y las l\u00e1grimas de tristeza quedaron atr\u00e1s y Del Potro tiene a los 27 a\u00f1os lo que a muchos se les niega: una nueva, flamante, luminosa y esperanzadora segunda oportunidad.<\/p>\n<p>Puede resetear su carrera y entender algo que comenz\u00f3 a advertir durante todos estos d\u00edas en R\u00edo: hay mucha gente que lo quiere. O, dicho se otra forma: se lo quiere mucho.El fen\u00f3meno que genera Del Potro entre los argentinos -lo mismo sucede afuera- es llamativo. \u00bfTendr\u00e1 que ver con su pinta de gigante bonach\u00f3n, con su andar pausado, con un tenis que no se parece al de ning\u00fan otro jugador del circuito? Algo de todo eso, y alguna cosa m\u00e1s, hay. Con la tranquilidad, entonces, de que no hay fantasmas, de que vuelve a tener servida en bandeja la oportunidad que le dio hace ocho a\u00f1os David Nalbandian (y no aprovech\u00f3) de convertirse en \u00eddolo masivo del deporte argentino, Del Potro har\u00eda mal en volver a aislarse, en sospechar de todo y de todos. El tesoro que tiene en sus manos es \u00fanico, es uno de los grandes deportistas del mundo y el deseo general es que le vaya bien. S\u00ed, hay gente que lo llama &#8220;pecho fr\u00edo&#8221;. \u00bfSeguir\u00e1n ah\u00ed hoy? Y en todo caso, \u00bfimporta realmente?<\/p>\n<p>Referencia absoluta del tenis argentino, Del Potro tiene su destino y el de todo un deporte en sus manos. No es el primero en esa situaci\u00f3n, pero podr\u00eda ser el primero en aprovecharla a fondo. Puede, sencillamente, ser lo que define a un l\u00edder, que es el que da lo mejor de s\u00ed mismo y obtiene lo mejor de todos aquellos que lo rodean.<\/p>\n","protected":false},"excerpt":{"rendered":"<p>La medalla de plata y sus ocho d\u00edas m\u00e1gicos en R\u00edo 2016 lo sit\u00faan ante una nueva oportunidad en su carrera Del cuello de Juan Mart\u00edn Del Potro cuelgan ya tres medallas. Dos son ol\u00edmpicas, de bronce y de plata. La tercera, aunque invisible, es de oro, y por lo tanto la m\u00e1s importante: la [&hellip;]<\/p>\n","protected":false},"author":1,"featured_media":30699,"comment_status":"closed","ping_status":"open","sticky":false,"template":"","format":"standard","meta":{"_seopress_robots_primary_cat":"","_seopress_titles_title":"","_seopress_titles_desc":"","_seopress_robots_index":"","footnotes":""},"categories":[5592,4],"tags":[5707,5708,1560,402,4858],"class_list":["post-30673","post","type-post","status-publish","format-standard","has-post-thumbnail","hentry","category-juegos-olimpicos","category-tenis","tag-del-potro-vs-murray","tag-final-de-tenis","tag-horario","tag-juegos-olimpicos","tag-rio-2016"],"_links":{"self":[{"href":"https:\/\/www.cordobatimes.com\/deportes\/wp-json\/wp\/v2\/posts\/30673","targetHints":{"allow":["GET"]}}],"collection":[{"href":"https:\/\/www.cordobatimes.com\/deportes\/wp-json\/wp\/v2\/posts"}],"about":[{"href":"https:\/\/www.cordobatimes.com\/deportes\/wp-json\/wp\/v2\/types\/post"}],"author":[{"embeddable":true,"href":"https:\/\/www.cordobatimes.com\/deportes\/wp-json\/wp\/v2\/users\/1"}],"replies":[{"embeddable":true,"href":"https:\/\/www.cordobatimes.com\/deportes\/wp-json\/wp\/v2\/comments?post=30673"}],"version-history":[{"count":0,"href":"https:\/\/www.cordobatimes.com\/deportes\/wp-json\/wp\/v2\/posts\/30673\/revisions"}],"wp:featuredmedia":[{"embeddable":true,"href":"https:\/\/www.cordobatimes.com\/deportes\/wp-json\/wp\/v2\/media\/30699"}],"wp:attachment":[{"href":"https:\/\/www.cordobatimes.com\/deportes\/wp-json\/wp\/v2\/media?parent=30673"}],"wp:term":[{"taxonomy":"category","embeddable":true,"href":"https:\/\/www.cordobatimes.com\/deportes\/wp-json\/wp\/v2\/categories?post=30673"},{"taxonomy":"post_tag","embeddable":true,"href":"https:\/\/www.cordobatimes.com\/deportes\/wp-json\/wp\/v2\/tags?post=30673"}],"curies":[{"name":"wp","href":"https:\/\/api.w.org\/{rel}","templated":true}]}}