{"id":30667,"date":"2016-08-12T19:05:54","date_gmt":"2016-08-12T22:05:54","guid":{"rendered":"http:\/\/www.cordobatimes.com\/deportes\/?p=30667"},"modified":"2016-08-12T19:05:54","modified_gmt":"2016-08-12T22:05:54","slug":"lionel-messi-anuncio-su-vuelta-a-la-seleccion-amo-demasiado-a-mi-pais","status":"publish","type":"post","link":"https:\/\/www.cordobatimes.com\/deportes\/futbol\/2016\/08\/12\/lionel-messi-anuncio-su-vuelta-a-la-seleccion-amo-demasiado-a-mi-pais\/","title":{"rendered":"Lionel Messi anunci\u00f3 su vuelta a la selecci\u00f3n: &#8220;Amo demasiado a mi pa\u00eds&#8221;"},"content":{"rendered":"<h3><strong><a href=\"http:\/\/www.cordobatimes.com\/deportes\/wp-content\/uploads\/2015\/06\/messi.jpg\" rel=\"attachment wp-att-29476\"><img loading=\"lazy\" decoding=\"async\" class=\"alignnone size-full wp-image-29476\" src=\"http:\/\/www.cordobatimes.com\/deportes\/wp-content\/uploads\/2015\/06\/messi.jpg\" alt=\"messi\" width=\"770\" height=\"433\" data-id=\"29476\" srcset=\"https:\/\/www.cordobatimes.com\/deportes\/wp-content\/uploads\/2015\/06\/messi.jpg 770w, https:\/\/www.cordobatimes.com\/deportes\/wp-content\/uploads\/2015\/06\/messi-300x169.jpg 300w\" sizes=\"auto, (max-width: 770px) 100vw, 770px\" \/><\/a>Leo anunci\u00f3 su vuelta; &#8220;Veo demasiados problemas en el f\u00fatbol argentino y no quiero crear uno m\u00e1s&#8221;, dijo<\/strong><\/h3>\n<p class=\"primero\">Lionel Messi confirm\u00f3 su regreso a la selecci\u00f3n a trav\u00e9s de un comunicado de prensa y estar\u00e1 en la lista que dar\u00e1 Edgardo Bauza para los partidos de eliminatorias ante Uruguay (1\u00b0 de septiembre en Mendoza) y Venezuela (6 de septiembre en M\u00e9rida).<\/p>\n<p>&#8220;Veo que hay muchos problemas en el f\u00fatbol argentino y no quiero crear uno m\u00e1s. No quiero causar ning\u00fan da\u00f1o&#8221;, comienza el comunicado, en el que Leo se\u00f1ala: &#8220;Pens\u00e9 seriamente en dejar, pero amo demasiado a mi pa\u00eds y a esta camiseta&#8221;. Messi hab\u00eda renunciado al conjunto nacional tras la final de la Copa Am\u00e9rica ante Chile el 26 de junio \u00faltimo. Desde entonces la selecci\u00f3n no volvi\u00f3 a jugar.<\/p>\n<blockquote class=\"twitter-tweet\" data-lang=\"es\">\n<p dir=\"ltr\" lang=\"es\">OFICIAL. Lionel nunca se fue. Mediante comunicado de prensa, Messi confirm\u00f3 que seguir\u00e1 jugando en la Selecci\u00f3n. <a href=\"https:\/\/t.co\/CWeqZAhSV3\">pic.twitter.com\/CWeqZAhSV3<\/a><\/p>\n<p>\u2014 Juez Central (@Juezcentral) <a href=\"https:\/\/twitter.com\/Juezcentral\/status\/764171333651558400\">12 de agosto de 2016<\/a><\/p><\/blockquote>\n<p><script src=\"\/\/platform.twitter.com\/widgets.js\" async=\"\" charset=\"utf-8\"><\/script><\/p>\n","protected":false},"excerpt":{"rendered":"<p>Leo anunci\u00f3 su vuelta; &#8220;Veo demasiados problemas en el f\u00fatbol argentino y no quiero crear uno m\u00e1s&#8221;, dijo Lionel Messi confirm\u00f3 su regreso a la selecci\u00f3n a trav\u00e9s de un comunicado de prensa y estar\u00e1 en la lista que dar\u00e1 Edgardo Bauza para los partidos de eliminatorias ante Uruguay (1\u00b0 de septiembre en Mendoza) y [&hellip;]<\/p>\n","protected":false},"author":1,"featured_media":29476,"comment_status":"closed","ping_status":"open","sticky":false,"template":"","format":"standard","meta":{"_seopress_robots_primary_cat":"","_seopress_titles_title":"","_seopress_titles_desc":"","_seopress_robots_index":"","footnotes":""},"categories":[2],"tags":[3390,5705,5706],"class_list":["post-30667","post","type-post","status-publish","format-standard","has-post-thumbnail","hentry","category-futbol","tag-comunicado","tag-messi-vuelve-a-la-seleccion-argentina","tag-oficial"],"_links":{"self":[{"href":"https:\/\/www.cordobatimes.com\/deportes\/wp-json\/wp\/v2\/posts\/30667","targetHints":{"allow":["GET"]}}],"collection":[{"href":"https:\/\/www.cordobatimes.com\/deportes\/wp-json\/wp\/v2\/posts"}],"about":[{"href":"https:\/\/www.cordobatimes.com\/deportes\/wp-json\/wp\/v2\/types\/post"}],"author":[{"embeddable":true,"href":"https:\/\/www.cordobatimes.com\/deportes\/wp-json\/wp\/v2\/users\/1"}],"replies":[{"embeddable":true,"href":"https:\/\/www.cordobatimes.com\/deportes\/wp-json\/wp\/v2\/comments?post=30667"}],"version-history":[{"count":0,"href":"https:\/\/www.cordobatimes.com\/deportes\/wp-json\/wp\/v2\/posts\/30667\/revisions"}],"wp:featuredmedia":[{"embeddable":true,"href":"https:\/\/www.cordobatimes.com\/deportes\/wp-json\/wp\/v2\/media\/29476"}],"wp:attachment":[{"href":"https:\/\/www.cordobatimes.com\/deportes\/wp-json\/wp\/v2\/media?parent=30667"}],"wp:term":[{"taxonomy":"category","embeddable":true,"href":"https:\/\/www.cordobatimes.com\/deportes\/wp-json\/wp\/v2\/categories?post=30667"},{"taxonomy":"post_tag","embeddable":true,"href":"https:\/\/www.cordobatimes.com\/deportes\/wp-json\/wp\/v2\/tags?post=30667"}],"curies":[{"name":"wp","href":"https:\/\/api.w.org\/{rel}","templated":true}]}}