{"id":30662,"date":"2016-08-12T14:47:11","date_gmt":"2016-08-12T17:47:11","guid":{"rendered":"http:\/\/www.cordobatimes.com\/deportes\/?p=30662"},"modified":"2018-04-23T16:24:42","modified_gmt":"2018-04-23T19:24:42","slug":"copa-argentina-belgrano-le-gano-a-huracan-en-los-penales-y-esta-en-los-octavos-de-final","status":"publish","type":"post","link":"https:\/\/www.cordobatimes.com\/deportes\/futbol\/2016\/08\/12\/copa-argentina-belgrano-le-gano-a-huracan-en-los-penales-y-esta-en-los-octavos-de-final\/","title":{"rendered":"Copa Argentina: Belgrano le gan\u00f3 a Hurac\u00e1n en los penales y est\u00e1 en los octavos de final"},"content":{"rendered":"<h3><a href=\"http:\/\/www.cordobatimes.com\/deportes\/wp-content\/uploads\/2016\/08\/Belgrano-Copa_Argentina.jpg\" rel=\"attachment wp-att-30663\"><img loading=\"lazy\" decoding=\"async\" class=\"alignnone size-full wp-image-30663\" src=\"http:\/\/www.cordobatimes.com\/deportes\/wp-content\/uploads\/2016\/08\/Belgrano-Copa_Argentina.jpg\" alt=\"Belgrano-Copa_Argentina\" width=\"642\" height=\"366\" data-id=\"30663\" srcset=\"https:\/\/www.cordobatimes.com\/deportes\/wp-content\/uploads\/2016\/08\/Belgrano-Copa_Argentina.jpg 642w, https:\/\/www.cordobatimes.com\/deportes\/wp-content\/uploads\/2016\/08\/Belgrano-Copa_Argentina-300x171.jpg 300w\" sizes=\"auto, (max-width: 642px) 100vw, 642px\" \/><\/a><\/h3>\n<h3>Se impuso por 5-3 en la definici\u00f3n desde los doce pasos; hab\u00edan empatado 1-1, con goles de Avelda\u00f1o, para los cordobeses, y de Bogado, de penal, para el Globo; el Pirata se medir\u00e1 ahora con Defensa y Justicia<\/h3>\n<p class=\"primero\">El &#8220;Pirata&#8221;\u00a0le gan\u00f3 al &#8220;Globo&#8221; por 5-3 en los penales (hab\u00edan empatado 1-1 en los 90 minutos) y se clasific\u00f3 para los cuartos de final de la Copa Argentina en un partido jugado este viernes en el estadio Bicentenario de San Juan.<\/p>\n<p>En la instancia decisiva, fue clave el remate que el arquero cordob\u00e9s Juan Carlos Olave le ataj\u00f3 a Mart\u00edn Nervo, dado que convirtieron sus compa\u00f1eros Mat\u00edas Su\u00e1rez, C\u00e9sar Pereyra, Gast\u00f3n Alvarez Su\u00e1rez, Cristian Lema y Federico Alvarez.<\/p>\n<p>Para el Globo acertaron Federico Mancinelli, Diego Mendoza e Ignacio Pussetto.<\/p>\n<p>Durante los 90 minutos, a los Celestes los hab\u00eda puesto en ventaja Lucas Avelda\u00f1o y la paridad se debi\u00f3 a Mauro Bogado, de penal.<\/p>\n<p>En la pr\u00f3xima etapa, Belgrano se medir\u00e1 con Defensa y Justicia.<\/p>\n<h2>El tanto de Avelda\u00f1o<\/h2>\n<div class=\"L\"><iframe loading=\"lazy\" src=\"https:\/\/streamable.com\/e\/5v7n\" width=\"640\" height=\"349\" frameborder=\"0\" scrolling=\"no\" allowfullscreen=\"allowfullscreen\"><\/iframe><\/div>\n<h2>El empate de Bogado<\/h2>\n<div class=\"L\"><iframe loading=\"lazy\" src=\"https:\/\/streamable.com\/e\/07at\" width=\"640\" height=\"349\" frameborder=\"0\" scrolling=\"no\" allowfullscreen=\"allowfullscreen\"><\/iframe><\/div>\n<p>&nbsp;<\/p>\n","protected":false},"excerpt":{"rendered":"<p>Se impuso por 5-3 en la definici\u00f3n desde los doce pasos; hab\u00edan empatado 1-1, con goles de Avelda\u00f1o, para los cordobeses, y de Bogado, de penal, para el Globo; el Pirata se medir\u00e1 ahora con Defensa y Justicia El &#8220;Pirata&#8221;\u00a0le gan\u00f3 al &#8220;Globo&#8221; por 5-3 en los penales (hab\u00edan empatado 1-1 en los 90 minutos) [&hellip;]<\/p>\n","protected":false},"author":1,"featured_media":30663,"comment_status":"closed","ping_status":"open","sticky":false,"template":"","format":"standard","meta":{"_seopress_robots_primary_cat":"","_seopress_titles_title":"","_seopress_titles_desc":"","_seopress_robots_index":"","footnotes":""},"categories":[20,2],"tags":[5704,5569],"class_list":["post-30662","post","type-post","status-publish","format-standard","has-post-thumbnail","hentry","category-copa-argentina","category-futbol","tag-belgrano-vs-huracan","tag-copa-argentina"],"_links":{"self":[{"href":"https:\/\/www.cordobatimes.com\/deportes\/wp-json\/wp\/v2\/posts\/30662","targetHints":{"allow":["GET"]}}],"collection":[{"href":"https:\/\/www.cordobatimes.com\/deportes\/wp-json\/wp\/v2\/posts"}],"about":[{"href":"https:\/\/www.cordobatimes.com\/deportes\/wp-json\/wp\/v2\/types\/post"}],"author":[{"embeddable":true,"href":"https:\/\/www.cordobatimes.com\/deportes\/wp-json\/wp\/v2\/users\/1"}],"replies":[{"embeddable":true,"href":"https:\/\/www.cordobatimes.com\/deportes\/wp-json\/wp\/v2\/comments?post=30662"}],"version-history":[{"count":0,"href":"https:\/\/www.cordobatimes.com\/deportes\/wp-json\/wp\/v2\/posts\/30662\/revisions"}],"wp:featuredmedia":[{"embeddable":true,"href":"https:\/\/www.cordobatimes.com\/deportes\/wp-json\/wp\/v2\/media\/30663"}],"wp:attachment":[{"href":"https:\/\/www.cordobatimes.com\/deportes\/wp-json\/wp\/v2\/media?parent=30662"}],"wp:term":[{"taxonomy":"category","embeddable":true,"href":"https:\/\/www.cordobatimes.com\/deportes\/wp-json\/wp\/v2\/categories?post=30662"},{"taxonomy":"post_tag","embeddable":true,"href":"https:\/\/www.cordobatimes.com\/deportes\/wp-json\/wp\/v2\/tags?post=30662"}],"curies":[{"name":"wp","href":"https:\/\/api.w.org\/{rel}","templated":true}]}}