{"id":30641,"date":"2016-08-10T17:15:28","date_gmt":"2016-08-10T20:15:28","guid":{"rendered":"http:\/\/www.cordobatimes.com\/deportes\/?p=30641"},"modified":"2016-08-10T17:15:42","modified_gmt":"2016-08-10T20:15:42","slug":"rio2016-tenis-a-del-potro-lo-paro-la-lluvia","status":"publish","type":"post","link":"https:\/\/www.cordobatimes.com\/deportes\/tenis\/2016\/08\/10\/rio2016-tenis-a-del-potro-lo-paro-la-lluvia\/","title":{"rendered":"#Rio2016 #Tenis : A Del Potro lo par\u00f3 la lluvia"},"content":{"rendered":"<h3><a href=\"http:\/\/www.cordobatimes.com\/deportes\/wp-content\/uploads\/2016\/08\/tenissuspendidoporlluvia.jpg\" rel=\"attachment wp-att-30642\"><img loading=\"lazy\" decoding=\"async\" class=\"wp-image-30642 aligncenter\" src=\"http:\/\/www.cordobatimes.com\/deportes\/wp-content\/uploads\/2016\/08\/tenissuspendidoporlluvia.jpg\" alt=\"tenissuspendidoporlluvia\" width=\"852\" height=\"486\" data-id=\"30642\" srcset=\"https:\/\/www.cordobatimes.com\/deportes\/wp-content\/uploads\/2016\/08\/tenissuspendidoporlluvia.jpg 642w, https:\/\/www.cordobatimes.com\/deportes\/wp-content\/uploads\/2016\/08\/tenissuspendidoporlluvia-300x171.jpg 300w\" sizes=\"auto, (max-width: 852px) 100vw, 852px\" \/><\/a><\/h3>\n<h3><strong>El clima no permiti\u00f3 que el tandilense se presentara frente al japon\u00e9s Taro Daniel en busca de los cuartos de final. El encuentro ser\u00eda reprogramado para ma\u00f1ana.<\/strong><\/h3>\n<p class=\"capital\">Juan Mart\u00edn del Potro no pudo prolongar su buen momento en los Juegos Ol\u00edmpicos de R\u00edo 2016, pero debido a las malas condiciones clim\u00e1ticas. Es que la lluvia que cay\u00f3 durante toda la jornada en R\u00edo de Janeiro le impidi\u00f3 enfrentar al japon\u00e9s Taro Daniel, en un partido correspondiente a los octavos de final.<\/p>\n<p>El duelo se iba a jugar en el primer turno de la cancha del N\u00ba1 Centro Ol\u00edmpico. La reprogramaci\u00f3n ser\u00eda para ma\u00f1ana.<\/p>\n<p>El tandilense elimin\u00f3 en el debut al serbio Novak Djokovic, n\u00famero uno del mundo, mientras que en la segunda ronda derrot\u00f3 al portugu\u00e9s Joao Sousa.<\/p>\n<p>Del Potro, que hace cuatro a\u00f1os obtuvo la medalla de bronce en los Juegos de Londres, en caso de ganar jugar\u00e1 en cuartos de final con el espa\u00f1ol Bautista Agut (17) o el luxemburgu\u00e9s Gilles Muller (37), quien dej\u00f3 fuera del certamen a Jo Wilfried Tsonga.<\/p>\n","protected":false},"excerpt":{"rendered":"<p>El clima no permiti\u00f3 que el tandilense se presentara frente al japon\u00e9s Taro Daniel en busca de los cuartos de final. El encuentro ser\u00eda reprogramado para ma\u00f1ana. Juan Mart\u00edn del Potro no pudo prolongar su buen momento en los Juegos Ol\u00edmpicos de R\u00edo 2016, pero debido a las malas condiciones clim\u00e1ticas. Es que la lluvia [&hellip;]<\/p>\n","protected":false},"author":1,"featured_media":30642,"comment_status":"closed","ping_status":"open","sticky":false,"template":"","format":"standard","meta":{"_seopress_robots_primary_cat":"","_seopress_titles_title":"","_seopress_titles_desc":"","_seopress_robots_index":"","footnotes":""},"categories":[5592,4],"tags":[5698,402,5700,5699],"class_list":["post-30641","post","type-post","status-publish","format-standard","has-post-thumbnail","hentry","category-juegos-olimpicos","category-tenis","tag-del-potro-vs-taro-daniel","tag-juegos-olimpicos","tag-reprogramacion","tag-rio2016"],"_links":{"self":[{"href":"https:\/\/www.cordobatimes.com\/deportes\/wp-json\/wp\/v2\/posts\/30641","targetHints":{"allow":["GET"]}}],"collection":[{"href":"https:\/\/www.cordobatimes.com\/deportes\/wp-json\/wp\/v2\/posts"}],"about":[{"href":"https:\/\/www.cordobatimes.com\/deportes\/wp-json\/wp\/v2\/types\/post"}],"author":[{"embeddable":true,"href":"https:\/\/www.cordobatimes.com\/deportes\/wp-json\/wp\/v2\/users\/1"}],"replies":[{"embeddable":true,"href":"https:\/\/www.cordobatimes.com\/deportes\/wp-json\/wp\/v2\/comments?post=30641"}],"version-history":[{"count":0,"href":"https:\/\/www.cordobatimes.com\/deportes\/wp-json\/wp\/v2\/posts\/30641\/revisions"}],"wp:featuredmedia":[{"embeddable":true,"href":"https:\/\/www.cordobatimes.com\/deportes\/wp-json\/wp\/v2\/media\/30642"}],"wp:attachment":[{"href":"https:\/\/www.cordobatimes.com\/deportes\/wp-json\/wp\/v2\/media?parent=30641"}],"wp:term":[{"taxonomy":"category","embeddable":true,"href":"https:\/\/www.cordobatimes.com\/deportes\/wp-json\/wp\/v2\/categories?post=30641"},{"taxonomy":"post_tag","embeddable":true,"href":"https:\/\/www.cordobatimes.com\/deportes\/wp-json\/wp\/v2\/tags?post=30641"}],"curies":[{"name":"wp","href":"https:\/\/api.w.org\/{rel}","templated":true}]}}