{"id":30638,"date":"2016-08-10T17:10:01","date_gmt":"2016-08-10T20:10:01","guid":{"rendered":"http:\/\/www.cordobatimes.com\/deportes\/?p=30638"},"modified":"2016-08-10T17:10:01","modified_gmt":"2016-08-10T20:10:01","slug":"se-confirmaron-dos-refuerzos-para-boca","status":"publish","type":"post","link":"https:\/\/www.cordobatimes.com\/deportes\/futbol\/2016\/08\/10\/se-confirmaron-dos-refuerzos-para-boca\/","title":{"rendered":"Se confirmaron dos refuerzos para Boca"},"content":{"rendered":"<h3><a href=\"http:\/\/www.cordobatimes.com\/deportes\/wp-content\/uploads\/2016\/08\/certrdfgdf.jpg\" rel=\"attachment wp-att-30639\"><img loading=\"lazy\" decoding=\"async\" class=\" wp-image-30639 aligncenter\" src=\"http:\/\/www.cordobatimes.com\/deportes\/wp-content\/uploads\/2016\/08\/certrdfgdf.jpg\" alt=\"certrdfgdf\" width=\"754\" height=\"430\" data-id=\"30639\" srcset=\"https:\/\/www.cordobatimes.com\/deportes\/wp-content\/uploads\/2016\/08\/certrdfgdf.jpg 642w, https:\/\/www.cordobatimes.com\/deportes\/wp-content\/uploads\/2016\/08\/certrdfgdf-300x171.jpg 300w\" sizes=\"auto, (max-width: 754px) 100vw, 754px\" \/><\/a><\/h3>\n<h3>Centuri\u00f3n y Werner estar\u00e1n a pr\u00e9stamo en el Xeneize y se suman a la llegada de Fernando Tobio, quien ayer arregl\u00f3 con la dirigencia.<\/h3>\n<p class=\"capital\">Ricardo Centuri\u00f3n llegar\u00e1 a Buenos Aires en las pr\u00f3ximas horas proveniente del f\u00fatbol brasile\u00f1o para sumarse al plantel de Boca. Por otra parte, Axel Werner estar\u00e1 con el equipo luego de su participaci\u00f3n en los Juegos Ol\u00edmpicos.<\/p>\n<p>Aparte, se suma la llegada de Fernando Tobio, quien estuvo a pr\u00e9stamo de Palmeiras desde agosto de 2015 hasta julio de 2016 y como el Xeneize no quiso hacer uso de la opci\u00f3n por 2.150.000 d\u00f3lares, el jugador volver\u00e1 otra vez por un a\u00f1o en la misma condici\u00f3n, pero con un sueldo inferior al anterior.<\/p>\n<p>El ex volante de Racing tambi\u00e9n llegar\u00e1 a pr\u00e9stamo de San Pablo por un a\u00f1o. Se lo esperaba la semana anterior, pero no lo hizo porque ten\u00eda una diferencia econ\u00f3mica con el club brasile\u00f1o.<\/p>\n<p>La opci\u00f3n de compra de su pase rondar\u00e1 una cifra superior a los 6.000.000 de d\u00f3lares y es una de las apuestas de Guillermo Barros Schelotto, que pretende utilizarlo como extremo pero tambi\u00e9n hasta de centrodelantero.<\/p>\n<p>Adem\u00e1s, Alexis Werner, ser\u00e1 cedido del Atl\u00e9tico de Madrid y atajar\u00e1 en el equipo del Mellizo. Por su parte el mediapunta juvenil Guido Vadal\u00e1, que permaneci\u00f3 un a\u00f1o en la Juventus y tiene otro m\u00e1s a pr\u00e9stamo en esa entidad italiana porque hab\u00eda formado parte del retorno de Tevez a Boca, arregl\u00f3 finalmente con Uni\u00f3n por la temporada 2016-2017 en condici\u00f3n de cedido, sin cargo y sin opci\u00f3n.<\/p>\n","protected":false},"excerpt":{"rendered":"<p>Centuri\u00f3n y Werner estar\u00e1n a pr\u00e9stamo en el Xeneize y se suman a la llegada de Fernando Tobio, quien ayer arregl\u00f3 con la dirigencia. Ricardo Centuri\u00f3n llegar\u00e1 a Buenos Aires en las pr\u00f3ximas horas proveniente del f\u00fatbol brasile\u00f1o para sumarse al plantel de Boca. Por otra parte, Axel Werner estar\u00e1 con el equipo luego de [&hellip;]<\/p>\n","protected":false},"author":1,"featured_media":30639,"comment_status":"closed","ping_status":"open","sticky":false,"template":"","format":"standard","meta":{"_seopress_robots_primary_cat":"","_seopress_titles_title":"","_seopress_titles_desc":"","_seopress_robots_index":"","footnotes":""},"categories":[2],"tags":[4933,5697,3797],"class_list":["post-30638","post","type-post","status-publish","format-standard","has-post-thumbnail","hentry","category-futbol","tag-centurion","tag-refuerzos-boca","tag-werner"],"_links":{"self":[{"href":"https:\/\/www.cordobatimes.com\/deportes\/wp-json\/wp\/v2\/posts\/30638","targetHints":{"allow":["GET"]}}],"collection":[{"href":"https:\/\/www.cordobatimes.com\/deportes\/wp-json\/wp\/v2\/posts"}],"about":[{"href":"https:\/\/www.cordobatimes.com\/deportes\/wp-json\/wp\/v2\/types\/post"}],"author":[{"embeddable":true,"href":"https:\/\/www.cordobatimes.com\/deportes\/wp-json\/wp\/v2\/users\/1"}],"replies":[{"embeddable":true,"href":"https:\/\/www.cordobatimes.com\/deportes\/wp-json\/wp\/v2\/comments?post=30638"}],"version-history":[{"count":0,"href":"https:\/\/www.cordobatimes.com\/deportes\/wp-json\/wp\/v2\/posts\/30638\/revisions"}],"wp:featuredmedia":[{"embeddable":true,"href":"https:\/\/www.cordobatimes.com\/deportes\/wp-json\/wp\/v2\/media\/30639"}],"wp:attachment":[{"href":"https:\/\/www.cordobatimes.com\/deportes\/wp-json\/wp\/v2\/media?parent=30638"}],"wp:term":[{"taxonomy":"category","embeddable":true,"href":"https:\/\/www.cordobatimes.com\/deportes\/wp-json\/wp\/v2\/categories?post=30638"},{"taxonomy":"post_tag","embeddable":true,"href":"https:\/\/www.cordobatimes.com\/deportes\/wp-json\/wp\/v2\/tags?post=30638"}],"curies":[{"name":"wp","href":"https:\/\/api.w.org\/{rel}","templated":true}]}}