{"id":30534,"date":"2016-07-21T17:39:07","date_gmt":"2016-07-21T20:39:07","guid":{"rendered":"http:\/\/www.cordobatimes.com\/deportes\/?p=30534"},"modified":"2016-07-21T17:52:31","modified_gmt":"2016-07-21T20:52:31","slug":"river-compro-a-mina-de-independiente-del-valle","status":"publish","type":"post","link":"https:\/\/www.cordobatimes.com\/deportes\/futbol\/2016\/07\/21\/river-compro-a-mina-de-independiente-del-valle\/","title":{"rendered":"River compr\u00f3 a Mina de Independiente del Valle"},"content":{"rendered":"<h3><a href=\"http:\/\/www.cordobatimes.com\/deportes\/wp-content\/uploads\/2016\/07\/Mina.jpg\" rel=\"attachment wp-att-30535\"><img loading=\"lazy\" decoding=\"async\" class=\"alignnone size-full wp-image-30535\" src=\"http:\/\/www.cordobatimes.com\/deportes\/wp-content\/uploads\/2016\/07\/Mina.jpg\" alt=\"Mina\" width=\"620\" height=\"430\" data-id=\"30535\" srcset=\"https:\/\/www.cordobatimes.com\/deportes\/wp-content\/uploads\/2016\/07\/Mina.jpg 620w, https:\/\/www.cordobatimes.com\/deportes\/wp-content\/uploads\/2016\/07\/Mina-300x208.jpg 300w\" sizes=\"auto, (max-width: 620px) 100vw, 620px\" \/><\/a><\/h3>\n<h3><strong>El defensor central, que se encuentra disputando la final de la Copa Libertadores, fue adquirido por el club de N\u00fa\u00f1ez.<\/strong><\/h3>\n<p class=\"caps\">River sorprendi\u00f3 con la compra de Arturo Mina, defensor central de Independiente del Valle. Si bien no hab\u00edan existido rumores sobre el traspaso, los <em>Millonarios<\/em> sorprendieron con la incorporaci\u00f3n del futbolista ecuatoriano.<\/p>\n<p>Mina tiene 25 a\u00f1os y es uno de los caudillos del elenco ecuatoriano que se encuentra disputando la final de la Copa Libertadores de Am\u00e9rica ante Atl\u00e9tico Nacional. En la ida de la competici\u00f3n continental, convirti\u00f3 el \u00fanico gol de su equipo. Cabe destacar que el zaguero solo jug\u00f3 en Ecuador y lo hizo en Municipal, UTE y Macar\u00e1.<\/p>\n<p>Todav\u00eda se desconoce la cantidad de dinero por la cual se efectu\u00f3 el traspaso y el tiempo por el que el jugador firmar\u00e1 el contrato.<\/p>\n<p>El mercado de pases, que hab\u00eda arrancado con pocas novedades para River, lo que hab\u00eda despertado el enojo de Marcelo Gallardo, dio un volantazo inesperado. Mina es el quinto\u00a0fichaje del club de N\u00fa\u00f1ez, tras las llegadas de Luciano Lollo, Iv\u00e1n Rossi, Enrique Bologna y Marcelo Larrondo.<\/p>\n<blockquote class=\"twitter-tweet\" data-lang=\"es\">\n<p dir=\"ltr\" lang=\"es\">RIVER compr\u00f3 a Arturo Mina, el defensor central que era de Independiente del Valle<\/p>\n<p>\u2014 Hern\u00e1n Castillo (@HernanSCastillo) <a href=\"https:\/\/twitter.com\/HernanSCastillo\/status\/756199248291520512\">21 de julio de 2016<\/a><\/p><\/blockquote>\n<p><script src=\"\/\/platform.twitter.com\/widgets.js\" async=\"\" charset=\"utf-8\"><\/script><\/p>\n","protected":false},"excerpt":{"rendered":"<p>El defensor central, que se encuentra disputando la final de la Copa Libertadores, fue adquirido por el club de N\u00fa\u00f1ez. River sorprendi\u00f3 con la compra de Arturo Mina, defensor central de Independiente del Valle. Si bien no hab\u00edan existido rumores sobre el traspaso, los Millonarios sorprendieron con la incorporaci\u00f3n del futbolista ecuatoriano. Mina tiene 25 [&hellip;]<\/p>\n","protected":false},"author":1,"featured_media":30535,"comment_status":"closed","ping_status":"open","sticky":false,"template":"","format":"standard","meta":{"_seopress_robots_primary_cat":"","_seopress_titles_title":"","_seopress_titles_desc":"","_seopress_robots_index":"","footnotes":""},"categories":[2,16],"tags":[526,2704,105,5677],"class_list":["post-30534","post","type-post","status-publish","format-standard","has-post-thumbnail","hentry","category-futbol","category-primera-division","tag-hu","tag-mercado-de-pases","tag-primera-division-2","tag-river-compro-a-mina-de-independiente-del-valle"],"_links":{"self":[{"href":"https:\/\/www.cordobatimes.com\/deportes\/wp-json\/wp\/v2\/posts\/30534","targetHints":{"allow":["GET"]}}],"collection":[{"href":"https:\/\/www.cordobatimes.com\/deportes\/wp-json\/wp\/v2\/posts"}],"about":[{"href":"https:\/\/www.cordobatimes.com\/deportes\/wp-json\/wp\/v2\/types\/post"}],"author":[{"embeddable":true,"href":"https:\/\/www.cordobatimes.com\/deportes\/wp-json\/wp\/v2\/users\/1"}],"replies":[{"embeddable":true,"href":"https:\/\/www.cordobatimes.com\/deportes\/wp-json\/wp\/v2\/comments?post=30534"}],"version-history":[{"count":0,"href":"https:\/\/www.cordobatimes.com\/deportes\/wp-json\/wp\/v2\/posts\/30534\/revisions"}],"wp:featuredmedia":[{"embeddable":true,"href":"https:\/\/www.cordobatimes.com\/deportes\/wp-json\/wp\/v2\/media\/30535"}],"wp:attachment":[{"href":"https:\/\/www.cordobatimes.com\/deportes\/wp-json\/wp\/v2\/media?parent=30534"}],"wp:term":[{"taxonomy":"category","embeddable":true,"href":"https:\/\/www.cordobatimes.com\/deportes\/wp-json\/wp\/v2\/categories?post=30534"},{"taxonomy":"post_tag","embeddable":true,"href":"https:\/\/www.cordobatimes.com\/deportes\/wp-json\/wp\/v2\/tags?post=30534"}],"curies":[{"name":"wp","href":"https:\/\/api.w.org\/{rel}","templated":true}]}}