{"id":30529,"date":"2016-07-21T12:41:04","date_gmt":"2016-07-21T15:41:04","guid":{"rendered":"http:\/\/www.cordobatimes.com\/deportes\/?p=30529"},"modified":"2016-07-21T12:42:45","modified_gmt":"2016-07-21T15:42:45","slug":"copa-libertadores-independiente-del-valle-y-atletico-nacional-empataron-1-1-en-el-primer-encuentro-de-la-final","status":"publish","type":"post","link":"https:\/\/www.cordobatimes.com\/deportes\/futbol\/2016\/07\/21\/copa-libertadores-independiente-del-valle-y-atletico-nacional-empataron-1-1-en-el-primer-encuentro-de-la-final\/","title":{"rendered":"Copa Libertadores: Independiente del Valle y Atl\u00e9tico Nacional empataron 1-1 en el primer encuentro de la final"},"content":{"rendered":"<p><strong><img loading=\"lazy\" decoding=\"async\" class=\"alignnone wp-image-30530\" src=\"http:\/\/www.cordobatimes.com\/deportes\/wp-content\/uploads\/2016\/07\/idv-300x181.jpg\" alt=\"idv\" width=\"565\" height=\"341\" data-id=\"30530\" srcset=\"https:\/\/www.cordobatimes.com\/deportes\/wp-content\/uploads\/2016\/07\/idv-300x181.jpg 300w, https:\/\/www.cordobatimes.com\/deportes\/wp-content\/uploads\/2016\/07\/idv.jpg 620w\" sizes=\"auto, (max-width: 565px) 100vw, 565px\" \/><\/strong><\/p>\n<p><strong>En Quito, Independiente del Valle rescat\u00f3 un empate sobre la hora por la primera final de la Copa Libertadores. La serie qued\u00f3 abierta ya que la regla de los goles de visitante no cuenta en la final. La vuelta ser\u00e1 el mi\u00e9rcoles que viene en Medell\u00edn.<\/strong><\/p>\n<p>Sin dudas Independiente del Valle viene haciendo historia a lo largo de toda la Copa Libertadores. Tras entrar por el repechaje a la Copa, super\u00f3 una dif\u00edcil fase de grupos, elimin\u00f3 a River Plate, Pumas de M\u00e9xico y finalmente a Boca Juniors para meterse en la final. Todos podr\u00edan esperar que los ecuatorianos ya est\u00e9n conformes con su performance en la Copa pero sin embargo parece que los dirigidos por el uruguayo Pablo Repetto quieren ir por todo.<\/p>\n<p>Se jugaba la\u00a0ida de la primera final, Atl\u00e9tico Nacional superaba por 1-0 al humilde equipo de Ecuador con gol de Orlando Berrio y todo parec\u00eda encaminado para que el equipo verdolaga se llevar\u00e1 un gran triunfo en condici\u00f3n de visitante pero apareci\u00f3 el defensor Arturo Mina a los 42 minutos del segundo tiempo para empatar el partido y dejar todo abierto para la vuelta.<\/p>\n<p>La vuelta se jugar\u00e1 el mi\u00e9rcoles que viene a partir de las 21.45 en el estadio\u00a0Atanasio Girardot de Medell\u00edn. La serie permanece totalmente abierta ya que en la final no cuentan los goles de visitante, por lo tanto el equipo que gane el partido en Colombia se consagrar\u00e1 campe\u00f3n y en caso de empate habr\u00e1 tiros desde el punto de penal.<\/p>\n<p><b>Independiente del Valle: <\/b>Librado Azcona; Christian N\u00fa\u00f1ez, Arturo Mina, Luis Caicedo y Emiliano Tellechea; Mario Rizotto y Jefferson Orejuela; Julio Angulo, Junior Sornoza y Bryan Cabezas; Jos\u00e9 Angulo. DT: Pablo Repetto.<\/p>\n<p><b>Atl\u00e9tico Nacional: <\/b>Franco Armani; Daniel Bocanegra, Davinson S\u00e1nchez, Alexis Henr\u00edquez y Farid D\u00edaz; Sebasti\u00e1n P\u00e9rez y Diego Arias; Orlando Berr\u00edo, Macnelly Torres y Marlos Moreno; Miguel Angel Borja. DT: Reinaldo Rueda.<\/p>\n<p><b>Goles del partido: <\/b>36m del PT Berrio (AN) y\u00a042m del ST Mina (IDV)<\/p>\n<p><b>Cambios:<\/b> en el segundo tiempo, 24m. Jonathan Gonz\u00e1lez por Cabezas (IDV), 25m. Jonny Uchuari (IDV), 31m. Alejandro Guerra por P\u00e9rez (AN), 35m. Elkin Blanco (AN), 42m. Miller Castillo por Jos\u00e9 Angulo (IDV) y 43m. Andr\u00e9s Ibarguen por Moreno (AN).<\/p>\n<p><b>Amonestados:<\/b> N\u00fa\u00f1ez, Rizotto y Cabezas en Independiente del Valle; S\u00e1nchez y P\u00e9rez en Atl\u00e9tico Nacional<\/p>\n<p><b>Arbitro: <\/b>Enrique C\u00e1ceres, de Paraguay, secundado por sus compatriotas Eduardo Cardozo y Milc\u00edades Saldivar.<\/p>\n<p><b>Estadio:<\/b> Ol\u00edmpico Atahualpa. (Quito)<\/p>\n<p><strong>Gol de Orlando Berrio<\/strong><\/p>\n<p><iframe loading=\"lazy\" src=\"https:\/\/www.youtube.com\/embed\/y29IbLW4dzE\" width=\"560\" height=\"315\" frameborder=\"0\" allowfullscreen=\"allowfullscreen\"><\/iframe><\/p>\n<p><strong>Gol de Arturo Mina<\/strong><\/p>\n<p><iframe loading=\"lazy\" src=\"https:\/\/www.youtube.com\/embed\/lkphA3gFA2Y\" width=\"560\" height=\"315\" frameborder=\"0\" allowfullscreen=\"allowfullscreen\"><\/iframe><\/p>\n","protected":false},"excerpt":{"rendered":"<p>En Quito, Independiente del Valle rescat\u00f3 un empate sobre la hora por la primera final de la Copa Libertadores. La serie qued\u00f3 abierta ya que la regla de los goles de visitante no cuenta en la final. La vuelta ser\u00e1 el mi\u00e9rcoles que viene en Medell\u00edn. Sin dudas Independiente del Valle viene haciendo historia a [&hellip;]<\/p>\n","protected":false},"author":23,"featured_media":30530,"comment_status":"closed","ping_status":"open","sticky":false,"template":"","format":"standard","meta":{"_seopress_robots_primary_cat":"","_seopress_titles_title":"","_seopress_titles_desc":"","_seopress_robots_index":"","footnotes":""},"categories":[21,2],"tags":[461,5676,219,1971,5675],"class_list":["post-30529","post","type-post","status-publish","format-standard","has-post-thumbnail","hentry","category-copa-libertadores","category-futbol","tag-atletico-nacional","tag-berrio","tag-copa-libertadores-2","tag-independiente-del-valle","tag-mina"],"_links":{"self":[{"href":"https:\/\/www.cordobatimes.com\/deportes\/wp-json\/wp\/v2\/posts\/30529","targetHints":{"allow":["GET"]}}],"collection":[{"href":"https:\/\/www.cordobatimes.com\/deportes\/wp-json\/wp\/v2\/posts"}],"about":[{"href":"https:\/\/www.cordobatimes.com\/deportes\/wp-json\/wp\/v2\/types\/post"}],"author":[{"embeddable":true,"href":"https:\/\/www.cordobatimes.com\/deportes\/wp-json\/wp\/v2\/users\/23"}],"replies":[{"embeddable":true,"href":"https:\/\/www.cordobatimes.com\/deportes\/wp-json\/wp\/v2\/comments?post=30529"}],"version-history":[{"count":0,"href":"https:\/\/www.cordobatimes.com\/deportes\/wp-json\/wp\/v2\/posts\/30529\/revisions"}],"wp:featuredmedia":[{"embeddable":true,"href":"https:\/\/www.cordobatimes.com\/deportes\/wp-json\/wp\/v2\/media\/30530"}],"wp:attachment":[{"href":"https:\/\/www.cordobatimes.com\/deportes\/wp-json\/wp\/v2\/media?parent=30529"}],"wp:term":[{"taxonomy":"category","embeddable":true,"href":"https:\/\/www.cordobatimes.com\/deportes\/wp-json\/wp\/v2\/categories?post=30529"},{"taxonomy":"post_tag","embeddable":true,"href":"https:\/\/www.cordobatimes.com\/deportes\/wp-json\/wp\/v2\/tags?post=30529"}],"curies":[{"name":"wp","href":"https:\/\/api.w.org\/{rel}","templated":true}]}}