{"id":30525,"date":"2016-07-21T12:06:22","date_gmt":"2016-07-21T15:06:22","guid":{"rendered":"http:\/\/www.cordobatimes.com\/deportes\/?p=30525"},"modified":"2016-07-21T12:08:43","modified_gmt":"2016-07-21T15:08:43","slug":"wanchope-abila-anoto-su-primer-gol-en-cruzeiro","status":"publish","type":"post","link":"https:\/\/www.cordobatimes.com\/deportes\/futbol\/2016\/07\/21\/wanchope-abila-anoto-su-primer-gol-en-cruzeiro\/","title":{"rendered":"Wanchope \u00c1bila anot\u00f3 su primer gol en Cruzeiro"},"content":{"rendered":"<p><img loading=\"lazy\" decoding=\"async\" class=\"alignnone wp-image-30526\" src=\"http:\/\/www.cordobatimes.com\/deportes\/wp-content\/uploads\/2016\/07\/wanchope-300x169.jpg\" alt=\"wanchope\" width=\"550\" height=\"310\" data-id=\"30526\" srcset=\"https:\/\/www.cordobatimes.com\/deportes\/wp-content\/uploads\/2016\/07\/wanchope-300x169.jpg 300w, https:\/\/www.cordobatimes.com\/deportes\/wp-content\/uploads\/2016\/07\/wanchope-768x432.jpg 768w, https:\/\/www.cordobatimes.com\/deportes\/wp-content\/uploads\/2016\/07\/wanchope-1024x576.jpg 1024w, https:\/\/www.cordobatimes.com\/deportes\/wp-content\/uploads\/2016\/07\/wanchope.jpg 1200w\" sizes=\"auto, (max-width: 550px) 100vw, 550px\" \/><\/p>\n<p><strong>El cordob\u00e9s ex Instituto y Hurac\u00e1n convirti\u00f3 su primer gol en el f\u00fatbol brasile\u00f1o por la Copa de Brasil.<\/strong><\/p>\n<p>En el d\u00eda de ayer por la Copa de Brasil\u00a0Ram\u00f3n\u00a0Dar\u00edo \u00c1bila se estren\u00f3 en la red con Cruzeiro. Convirti\u00f3 su primer gol desde la llegada a Brasil para darle el triunfo sobre el Victoria por 2-1.<\/p>\n<p>El cordob\u00e9s hab\u00eda debutado\u00a0el pasado fin de semana con derrota 2-0 ante al Fluminense, en un partido correspondiente a la 15\u00aa fecha del Brasileirao.<\/p>\n<p><strong>El gol de Wanchope<\/strong><\/p>\n<p><iframe loading=\"lazy\" src=\"https:\/\/www.youtube.com\/embed\/jzu6ET021Mw\" width=\"560\" height=\"315\" frameborder=\"0\" allowfullscreen=\"allowfullscreen\"><\/iframe><\/p>\n<p>&nbsp;<\/p>\n","protected":false},"excerpt":{"rendered":"<p>El cordob\u00e9s ex Instituto y Hurac\u00e1n convirti\u00f3 su primer gol en el f\u00fatbol brasile\u00f1o por la Copa de Brasil. En el d\u00eda de ayer por la Copa de Brasil\u00a0Ram\u00f3n\u00a0Dar\u00edo \u00c1bila se estren\u00f3 en la red con Cruzeiro. Convirti\u00f3 su primer gol desde la llegada a Brasil para darle el triunfo sobre el Victoria por 2-1. [&hellip;]<\/p>\n","protected":false},"author":23,"featured_media":30526,"comment_status":"closed","ping_status":"open","sticky":false,"template":"","format":"standard","meta":{"_seopress_robots_primary_cat":"","_seopress_titles_title":"","_seopress_titles_desc":"","_seopress_robots_index":"","footnotes":""},"categories":[2,18],"tags":[125,777,1452,194,4227,35,1618],"class_list":["post-30525","post","type-post","status-publish","format-standard","has-post-thumbnail","hentry","category-futbol","category-futbol-internacional","tag-brasil","tag-cruzeiro","tag-debut","tag-gol","tag-huracan","tag-instituto","tag-wanchope"],"_links":{"self":[{"href":"https:\/\/www.cordobatimes.com\/deportes\/wp-json\/wp\/v2\/posts\/30525","targetHints":{"allow":["GET"]}}],"collection":[{"href":"https:\/\/www.cordobatimes.com\/deportes\/wp-json\/wp\/v2\/posts"}],"about":[{"href":"https:\/\/www.cordobatimes.com\/deportes\/wp-json\/wp\/v2\/types\/post"}],"author":[{"embeddable":true,"href":"https:\/\/www.cordobatimes.com\/deportes\/wp-json\/wp\/v2\/users\/23"}],"replies":[{"embeddable":true,"href":"https:\/\/www.cordobatimes.com\/deportes\/wp-json\/wp\/v2\/comments?post=30525"}],"version-history":[{"count":0,"href":"https:\/\/www.cordobatimes.com\/deportes\/wp-json\/wp\/v2\/posts\/30525\/revisions"}],"wp:featuredmedia":[{"embeddable":true,"href":"https:\/\/www.cordobatimes.com\/deportes\/wp-json\/wp\/v2\/media\/30526"}],"wp:attachment":[{"href":"https:\/\/www.cordobatimes.com\/deportes\/wp-json\/wp\/v2\/media?parent=30525"}],"wp:term":[{"taxonomy":"category","embeddable":true,"href":"https:\/\/www.cordobatimes.com\/deportes\/wp-json\/wp\/v2\/categories?post=30525"},{"taxonomy":"post_tag","embeddable":true,"href":"https:\/\/www.cordobatimes.com\/deportes\/wp-json\/wp\/v2\/tags?post=30525"}],"curies":[{"name":"wp","href":"https:\/\/api.w.org\/{rel}","templated":true}]}}