{"id":30483,"date":"2016-07-14T23:52:12","date_gmt":"2016-07-15T02:52:12","guid":{"rendered":"http:\/\/www.cordobatimes.com\/deportes\/?p=30483"},"modified":"2019-03-27T01:17:12","modified_gmt":"2019-03-27T04:17:12","slug":"boca-y-el-sueno-de-jugar-su-undecima-final-de-la-copa-libertadores","status":"publish","type":"post","link":"https:\/\/www.cordobatimes.com\/deportes\/futbol\/2016\/07\/14\/boca-y-el-sueno-de-jugar-su-undecima-final-de-la-copa-libertadores\/","title":{"rendered":"Boca-Independiente del Valle: los xeneizes sufrieron una dura derrota y se quedaron sin final de la Copa Libertadores"},"content":{"rendered":"<h3><strong>El conjunto de Barros Schelotto cay\u00f3 por 3-2 y qued\u00f3 eliminado del certamen continental; el equipo no estuvo a la altura de las exigencias, Tevez no pudo salvarlo y hasta le hicieron dos goles en un minuto.<\/strong><\/h3>\n<p class=\"primero\">mpasse por la Copa Am\u00e9rica no result\u00f3 la plataforma que Boca\u00a0necesitaba para recargar energ\u00edas. Hoy, en definitiva, le revuelve las tripas. La m\u00e1quina de generar ansiedades frente al gran objetivo que lo obsesiona desde hace a\u00f1os, la Copa Libertadores, lo termin\u00f3 por traicionar. La mejor s\u00edntesis entre ambos extremos se concentra en la imagen de Guillermo Barros Schelotto, que pas\u00f3 de un gran entusiasmo en la previa del viaje a la altura de Quito para el primer cruce con Independiente del Valle a enojarse con un periodista en la conferencia anterior a la revancha en la Bombonera por la palabra &#8220;obligaci\u00f3n&#8221;. La presi\u00f3n por ganar estuvo siempre en Boca y qued\u00f3 m\u00e1s en evidencia cuando las puertas del fixture la brindaron una posibilidad menos compleja de lo que podr\u00eda haber sido. Pero no lo aprovech\u00f3 y la reacci\u00f3n del Mellizo lo asfixi\u00f3. En otro momento, hubiera mirado para otro lado sin prestarle demasiada atenci\u00f3n a alg\u00fan gesto que no le gustaba. Pero quiz\u00e1s aquello era una premonici\u00f3n de los nervios internos que le explotaron anoche en la cara. Porque ayer en la Bombonera, cuando se supon\u00eda que todo pod\u00eda resultar perfecto, el deseo de volver a conquistar la cima de Am\u00e9rica se transform\u00f3 en una eliminaci\u00f3n que a futuro lo atormentar\u00e1 como una pesadilla.<\/p>\n<p>&#8220;Volver a Jap\u00f3n&#8221;, la propuesta en la plataforma de Daniel Angelici cuando todav\u00eda no era presidente de Boca, en 2011, es un ruido molesto a esta altura. Porque esa idea era la que motiv\u00f3 el regreso de Carlos Tevez en 2015, la raz\u00f3n del despido de Rodolfo Arruabarrena en 2016 y la llegada de un \u00eddolo como Guillermo Barros Schelotto para el banco, justo uno de los futbolistas xeneizes m\u00e1s ganadores de la historia, con 16 vueltas ol\u00edmpicas, cuatro de ellas en Libertadores. Anoche no lo pudieron salvar de un papel\u00f3n impensado con una ca\u00edda por 3-2.<\/p>\n<p>Los dirigentes, con cada inversi\u00f3n millonaria en los libros de pases, mostraban su desesperaci\u00f3n por conquista la Copa Libertadores. Llegaron Dar\u00edo Benedetto, Fernando Zuqui, Walter Bou y Santiago Vergini&#8230; Pero tampoco result\u00f3 y ahora todo ese material ser\u00e1 m\u00e1s observado que nunca. Angelici recurri\u00f3 a todo lo que tuvo a su alcance para poder cumplir con su propuesta de campa\u00f1a, pero sigue sin servirle semejante billetera.<\/p>\n<aside class=\"banner caja4\" data-adpos=\"caja4\">\n<div id=\"eplAdDivcaja4\"><\/div>\n<\/aside>\n<figure class=\"L\">\n<div class=\"conModal f-imagenRelacionada\" data-notaid=\"1918517\" data-imagenid=\"2236379\" data-tipo=\"imagen\" data-extension=\"jpg\" data-esrelacionada=\"0\"><img decoding=\"async\" id=\"imagen_2236379\" class=\"f-sinGif\" src=\"http:\/\/bucket1.glanacion.com\/anexos\/fotos\/79\/copa-libertadores-2236379w640.jpg\" alt=\"\" data-imagenid=\"2236379\" \/><\/div><figcaption id=\"epigrafe2236379\">Foto:Daniel Jayo<\/figcaption><div class=\"herramientas floatFix\"><\/div>\n<\/figure>\n<p>El mandam\u00e1s xeneize, como nunca antes, caminaba por los pasillos de la Bombonera confiado, intuyendo que esta vez s\u00ed se le dar\u00eda: su optimismo estaba centrado en que Tevez (al no ser convocado por Martino) hab\u00eda podido hacer una gran pretemporada y tambi\u00e9n en Guillermo. Angelici se apoy\u00f3 mucho en el liderazgo del Mellizo dentro y fuera de la cancha y anoche el equipo no dio la talla respecto a lo que esperaba el presidente y mucho menos respecto a lo planificado por el entrenador. Boca se desdibuj\u00f3, con la desatenci\u00f3n en el primer tiempo que le cost\u00f3 el empate en los pies de Caicedo y cuando comenz\u00f3 la segunda etapa termin\u00f3 por desnudar a un equipo sin el car\u00e1cter necesario para ser campe\u00f3n de Am\u00e9rica. Le hicieron dos goles en un minuto (Cabezas y Angulo). Inexplicable.<\/p>\n<p>Lo de Tevez es un caso especial. Pocos regresaron en plenitud como \u00e9l. El Apache lo hizo con la idea de devolverle a Boca el protagonismo que hab\u00eda perdido desde la salida de Riquelme. Potenci\u00f3 el idilio con la gente con el bicampeonato de 2015, el torneo local y la Copa Argentina, pero \u00e9l sent\u00eda, como todo Boca, que el gran objetivo era la Libertadores. Anoche se dio un golpazo. Uno que sin duda no esperaba. Tuvo una buena serie con Cerro Porte\u00f1o, haciendo un gol de cabeza en Paraguay y asistiendo a Lodeiro\u00a0en la victoria 2-1; tambi\u00e9n abriendo el desquite en la Bombonera, con un penal. Ante Nacional fue m\u00e1s terrenal y en Quito se solt\u00f3 reci\u00e9n en los \u00faltimos 20 minutos. Anoche, cuando el equipo lo necesitaba m\u00e1s que nunca, lo suyo fue m\u00e1s ganas que juego y result\u00f3 intrascendente. Nunca impuso sus condiciones en el partido y Boca lo sufri\u00f3 demasiado.<\/p>\n<p>A Guillermo, la chance de levantar la Copa como DT de Boca le lleg\u00f3 en el momento menos pensado y se le escurri\u00f3 de la misma manera. El Mellizo hab\u00eda dicho &#8220;de ac\u00e1 a junio va a ser as\u00ed&#8221;, tras asumir en un contexto bastante adverso (un grupo ca\u00eddo an\u00edmicamente y con sus primeros dos partidos ante River y Racing, casi sin tiempo para entrenar) a ver que, de repente, un par de decisiones lo pod\u00edan empujar hasta el receso victorioso. Y as\u00ed fue. Pero as\u00ed como logr\u00f3 una cosa, anoche vio c\u00f3mo le explot\u00f3 todo en la cara. Sab\u00eda que la lupa tendr\u00eda m\u00e1s aumento tras la Copa Am\u00e9rica, cuando realmente le iba a poder dar una mayor impronta al equipo, entre los refuerzos y las largas semanas para trabajar en lo f\u00edsico y t\u00e1ctico. No pudo hacer nada de lo que esperaba y sin duda que lo que sucedi\u00f3 en la noche negra de la Bombonera lo cargar\u00e1 de inseguridades para lo que vendr\u00e1.<\/p>\n<p>M\u00e1s all\u00e1 de los m\u00e9ritos en el recorrido de Independiente del Valle para llegar donde lleg\u00f3 y del enojo previo de Guillermo, Boca sab\u00eda que ten\u00eda la doble presi\u00f3n ya no s\u00f3lo de llegar a la final de la Copa Libertadores, sino tambi\u00e9n de sobreponerse a la exigencia de ser el favorito en la serie. No pudo superar ninguna de las pruebas que tuvo por delante. Los xeneizes no estuvieron a la altura de las exigencias y el trompazo recibido le traer\u00e1 consecuencias.<\/p>\n<h2>El gol de Pav\u00f3n<\/h2>\n<div class=\"L\"><iframe loading=\"lazy\" src=\"https:\/\/streamable.com\/e\/u932\" width=\"640\" height=\"360\" frameborder=\"0\" scrolling=\"no\" allowfullscreen=\"allowfullscreen\"><\/iframe><\/div>\n<h2>El gol de Caicedo<\/h2>\n<div class=\"L\"><iframe loading=\"lazy\" src=\"https:\/\/streamable.com\/e\/og8z\" width=\"640\" height=\"360\" frameborder=\"0\" scrolling=\"no\" allowfullscreen=\"allowfullscreen\"><\/iframe><\/div>\n<h2>El gol de Cabezas<\/h2>\n<div class=\"L\"><iframe loading=\"lazy\" src=\"https:\/\/streamable.com\/e\/7qn4\" width=\"640\" height=\"360\" frameborder=\"0\" scrolling=\"no\" allowfullscreen=\"allowfullscreen\"><\/iframe><\/div>\n<h2>El gol de Angulo<\/h2>\n<div class=\"L\"><iframe loading=\"lazy\" src=\"https:\/\/streamable.com\/e\/mdia\" width=\"640\" height=\"360\" frameborder=\"0\" scrolling=\"no\" allowfullscreen=\"allowfullscreen\"><\/iframe><\/div>\n<h2>El segundo gol de Pav\u00f3n<\/h2>\n<div class=\"L\"><iframe loading=\"lazy\" src=\"https:\/\/streamable.com\/e\/93s0\" width=\"640\" height=\"360\" frameborder=\"0\" scrolling=\"no\" allowfullscreen=\"allowfullscreen\"><\/iframe><\/div>\n<h3><\/h3>\n","protected":false},"excerpt":{"rendered":"<p>El conjunto de Barros Schelotto cay\u00f3 por 3-2 y qued\u00f3 eliminado del certamen continental; el equipo no estuvo a la altura de las exigencias, Tevez no pudo salvarlo y hasta le hicieron dos goles en un minuto. mpasse por la Copa Am\u00e9rica no result\u00f3 la plataforma que Boca\u00a0necesitaba para recargar energ\u00edas. Hoy, en definitiva, le [&hellip;]<\/p>\n","protected":false},"author":1,"featured_media":30492,"comment_status":"closed","ping_status":"open","sticky":false,"template":"","format":"standard","meta":{"_seopress_robots_primary_cat":"none","_seopress_titles_title":"","_seopress_titles_desc":"","_seopress_robots_index":"","footnotes":""},"categories":[21,2],"tags":[5666,5652,5668,76],"class_list":["post-30483","post","type-post","status-publish","format-standard","has-post-thumbnail","hentry","category-copa-libertadores","category-futbol","tag-boca-vs-independiente-del-valle","tag-copa-libertadores-2016","tag-independiente-del-valle-dejo-afuera-a-boca-en-la-bombonera","tag-goles"],"_links":{"self":[{"href":"https:\/\/www.cordobatimes.com\/deportes\/wp-json\/wp\/v2\/posts\/30483","targetHints":{"allow":["GET"]}}],"collection":[{"href":"https:\/\/www.cordobatimes.com\/deportes\/wp-json\/wp\/v2\/posts"}],"about":[{"href":"https:\/\/www.cordobatimes.com\/deportes\/wp-json\/wp\/v2\/types\/post"}],"author":[{"embeddable":true,"href":"https:\/\/www.cordobatimes.com\/deportes\/wp-json\/wp\/v2\/users\/1"}],"replies":[{"embeddable":true,"href":"https:\/\/www.cordobatimes.com\/deportes\/wp-json\/wp\/v2\/comments?post=30483"}],"version-history":[{"count":0,"href":"https:\/\/www.cordobatimes.com\/deportes\/wp-json\/wp\/v2\/posts\/30483\/revisions"}],"wp:featuredmedia":[{"embeddable":true,"href":"https:\/\/www.cordobatimes.com\/deportes\/wp-json\/wp\/v2\/media\/30492"}],"wp:attachment":[{"href":"https:\/\/www.cordobatimes.com\/deportes\/wp-json\/wp\/v2\/media?parent=30483"}],"wp:term":[{"taxonomy":"category","embeddable":true,"href":"https:\/\/www.cordobatimes.com\/deportes\/wp-json\/wp\/v2\/categories?post=30483"},{"taxonomy":"post_tag","embeddable":true,"href":"https:\/\/www.cordobatimes.com\/deportes\/wp-json\/wp\/v2\/tags?post=30483"}],"curies":[{"name":"wp","href":"https:\/\/api.w.org\/{rel}","templated":true}]}}