{"id":30480,"date":"2016-07-14T05:40:27","date_gmt":"2016-07-14T08:40:27","guid":{"rendered":"http:\/\/www.cordobatimes.com\/deportes\/?p=30480"},"modified":"2016-07-14T05:40:27","modified_gmt":"2016-07-14T08:40:27","slug":"copa-libertadores-atletico-nacional-vencio-a-san-pablo-y-se-clasifico-a-la-final","status":"publish","type":"post","link":"https:\/\/www.cordobatimes.com\/deportes\/futbol\/2016\/07\/14\/copa-libertadores-atletico-nacional-vencio-a-san-pablo-y-se-clasifico-a-la-final\/","title":{"rendered":"Copa Libertadores: Atl\u00e9tico Nacional venci\u00f3 a San Pablo y se clasific\u00f3 a la final"},"content":{"rendered":"<h3><a href=\"http:\/\/www.cordobatimes.com\/deportes\/wp-content\/uploads\/2016\/07\/388254-1440x864_c.jpg\" rel=\"attachment wp-att-30481\"><img loading=\"lazy\" decoding=\"async\" class=\"size-large wp-image-30481 aligncenter\" src=\"http:\/\/www.cordobatimes.com\/deportes\/wp-content\/uploads\/2016\/07\/388254-1440x864_c-1024x614.jpg\" alt=\"388254-1440x864_c\" width=\"640\" height=\"384\" data-id=\"30481\" srcset=\"https:\/\/www.cordobatimes.com\/deportes\/wp-content\/uploads\/2016\/07\/388254-1440x864_c-1024x614.jpg 1024w, https:\/\/www.cordobatimes.com\/deportes\/wp-content\/uploads\/2016\/07\/388254-1440x864_c-300x180.jpg 300w, https:\/\/www.cordobatimes.com\/deportes\/wp-content\/uploads\/2016\/07\/388254-1440x864_c-768x461.jpg 768w, https:\/\/www.cordobatimes.com\/deportes\/wp-content\/uploads\/2016\/07\/388254-1440x864_c.jpg 1440w\" sizes=\"auto, (max-width: 640px) 100vw, 640px\" \/><\/a><\/h3>\n<h3><strong>Con un doblete de Borja, el elenco colombiano se lo dio vuelta al conjunto brasile\u00f1o, se impuso por 4 a 1 en el global y espera por Boca o Independiente del Valle en la final del certamen continental.<\/strong><\/h3>\n<p>Con un doblete de Borja, el elenco colombiano se lo dio vuelta al conjunto brasile\u00f1o, se impuso por 4 a 1 en el global y espera por Boca o Independiente del Valle en la final del certamen continental.<\/p>\n<blockquote class=\"twitter-tweet\" data-lang=\"es\">\n<p dir=\"ltr\" lang=\"es\"><a href=\"https:\/\/twitter.com\/hashtag\/CopaLibertadores?src=hash\">#CopaLibertadores<\/a> | El gol de Calleri que le da un envi\u00f3n an\u00edmico impredecible a <a href=\"https:\/\/twitter.com\/hashtag\/SaoPaulo?src=hash\">#SaoPaulo<\/a>: <a href=\"https:\/\/t.co\/xMpfWXlvoE\">https:\/\/t.co\/xMpfWXlvoE<\/a>.<\/p>\n<p>\u2014 Gol De Vestuario (@GolDeVestuario) <a href=\"https:\/\/twitter.com\/GolDeVestuario\/status\/753393619403431936\">14 de julio de 2016<\/a><\/p><\/blockquote>\n<p><script src=\"\/\/platform.twitter.com\/widgets.js\" async=\"\" charset=\"utf-8\"><\/script><\/p>\n<blockquote class=\"twitter-tweet\" data-lang=\"es\"><p>\n<a href=\"https:\/\/twitter.com\/hashtag\/CopaLibertadores?src=hash\">#CopaLibertadores<\/a> | El gol de Borja, uno m\u00e1s ante los brasileros: <a href=\"https:\/\/t.co\/PcjnoqHMkM\">https:\/\/t.co\/PcjnoqHMkM<\/a><\/p>\n<p>El global:<a href=\"https:\/\/twitter.com\/hashtag\/SaoPaulo?src=hash\">#SaoPaulo<\/a> 1 &#8211; <a href=\"https:\/\/twitter.com\/hashtag\/AtleticoNacional?src=hash\">#AtleticoNacional<\/a> 3<\/p>\n<p>\u2014 Gol De Vestuario (@GolDeVestuario) <a href=\"https:\/\/twitter.com\/GolDeVestuario\/status\/753395748503445504\">14 de julio de 2016<\/a>\n<\/p><\/blockquote>\n<p><script src=\"\/\/platform.twitter.com\/widgets.js\" async=\"\" charset=\"utf-8\"><\/script><\/p>\n<blockquote class=\"twitter-tweet\" data-lang=\"es\"><p><a href=\"https:\/\/twitter.com\/hashtag\/CopaLibertadores?src=hash\">#CopaLibertadores<\/a> | El penal y el gol de Borja que liquid\u00f3 el partido para que <a href=\"https:\/\/twitter.com\/hashtag\/AtleticoNacional?src=hash\">#AtleticoNacional<\/a> llegue a la final: <a href=\"https:\/\/t.co\/aJxr6P5Jc3\">https:\/\/t.co\/aJxr6P5Jc3<\/a>.<\/p>\n<p>\u2014 Gol De Vestuario (@GolDeVestuario) <a href=\"https:\/\/twitter.com\/GolDeVestuario\/status\/753417624839712768\">14 de julio de 2016<\/a><\/p><\/blockquote>\n<p><script src=\"\/\/platform.twitter.com\/widgets.js\" async=\"\" charset=\"utf-8\"><\/script><\/p>\n","protected":false},"excerpt":{"rendered":"<p>Con un doblete de Borja, el elenco colombiano se lo dio vuelta al conjunto brasile\u00f1o, se impuso por 4 a 1 en el global y espera por Boca o Independiente del Valle en la final del certamen continental. Con un doblete de Borja, el elenco colombiano se lo dio vuelta al conjunto brasile\u00f1o, se impuso [&hellip;]<\/p>\n","protected":false},"author":1,"featured_media":30481,"comment_status":"closed","ping_status":"open","sticky":false,"template":"","format":"standard","meta":{"_seopress_robots_primary_cat":"","_seopress_titles_title":"","_seopress_titles_desc":"","_seopress_robots_index":"","footnotes":""},"categories":[21,2],"tags":[5664,5652,5665,1625,459],"class_list":["post-30480","post","type-post","status-publish","format-standard","has-post-thumbnail","hentry","category-copa-libertadores","category-futbol","tag-atletico-nacional-vencio-a-san-pablo","tag-copa-libertadores-2016","tag-doblete-de-borja","tag-nacional","tag-san-pablo"],"_links":{"self":[{"href":"https:\/\/www.cordobatimes.com\/deportes\/wp-json\/wp\/v2\/posts\/30480","targetHints":{"allow":["GET"]}}],"collection":[{"href":"https:\/\/www.cordobatimes.com\/deportes\/wp-json\/wp\/v2\/posts"}],"about":[{"href":"https:\/\/www.cordobatimes.com\/deportes\/wp-json\/wp\/v2\/types\/post"}],"author":[{"embeddable":true,"href":"https:\/\/www.cordobatimes.com\/deportes\/wp-json\/wp\/v2\/users\/1"}],"replies":[{"embeddable":true,"href":"https:\/\/www.cordobatimes.com\/deportes\/wp-json\/wp\/v2\/comments?post=30480"}],"version-history":[{"count":0,"href":"https:\/\/www.cordobatimes.com\/deportes\/wp-json\/wp\/v2\/posts\/30480\/revisions"}],"wp:featuredmedia":[{"embeddable":true,"href":"https:\/\/www.cordobatimes.com\/deportes\/wp-json\/wp\/v2\/media\/30481"}],"wp:attachment":[{"href":"https:\/\/www.cordobatimes.com\/deportes\/wp-json\/wp\/v2\/media?parent=30480"}],"wp:term":[{"taxonomy":"category","embeddable":true,"href":"https:\/\/www.cordobatimes.com\/deportes\/wp-json\/wp\/v2\/categories?post=30480"},{"taxonomy":"post_tag","embeddable":true,"href":"https:\/\/www.cordobatimes.com\/deportes\/wp-json\/wp\/v2\/tags?post=30480"}],"curies":[{"name":"wp","href":"https:\/\/api.w.org\/{rel}","templated":true}]}}