{"id":30464,"date":"2016-07-11T15:40:47","date_gmt":"2016-07-11T18:40:47","guid":{"rendered":"http:\/\/www.cordobatimes.com\/deportes\/?p=30464"},"modified":"2016-07-11T15:40:47","modified_gmt":"2016-07-11T18:40:47","slug":"ivan-rossi-el-tercer-refuerzo-de-river","status":"publish","type":"post","link":"https:\/\/www.cordobatimes.com\/deportes\/futbol\/2016\/07\/11\/ivan-rossi-el-tercer-refuerzo-de-river\/","title":{"rendered":"Iv\u00e1n Rossi el tercer refuerzo de River"},"content":{"rendered":"<p><strong><img loading=\"lazy\" decoding=\"async\" class=\"alignnone  wp-image-30465\" src=\"http:\/\/www.cordobatimes.com\/deportes\/wp-content\/uploads\/2016\/07\/ivan-rossi-300x179.jpg\" alt=\"ivan rossi\" width=\"603\" height=\"360\" data-id=\"30465\" srcset=\"https:\/\/www.cordobatimes.com\/deportes\/wp-content\/uploads\/2016\/07\/ivan-rossi-300x179.jpg 300w, https:\/\/www.cordobatimes.com\/deportes\/wp-content\/uploads\/2016\/07\/ivan-rossi.jpg 670w\" sizes=\"auto, (max-width: 603px) 100vw, 603px\" \/><\/strong><\/p>\n<p><strong>El mediocampista central proveniente de Banfield, tiene 22 a\u00f1os y llega al club de N\u00fa\u00f1ez por\u00a0una cifra cercana a los 40 millones de pesos.<\/strong><\/p>\n<p class=\"bajada\">Tras la revisi\u00f3n m\u00e9dica realizada esta ma\u00f1ana, se confirm\u00f3 que Iv\u00e1n Rossi ser\u00e1 el tercer refuerzo de River Plate. Si bien reci\u00e9n a la tarde se firmar\u00e1 el contrato, ya est\u00e1 todo arreglado para que el mediocampista central se sume al conjunto de Nu\u00f1ez por cuatro a\u00f1os.<\/p>\n<p class=\"bajada\">Una\u00a0una cifra cercana a los 40 millones de pesos desembols\u00f3 River para poder incorporar al volante que viene de Banfield. Rossi llega al equipo dirigido por Marcelo Gallardo con 22 a\u00f1os, 25 partidos en primera y un solo gol.<\/p>\n<p class=\"bajada\">Si bien parece un puesto cubierto por los nombres de Ponzio, Domingo y Arzura, el volante llega ilusionado con la idea de pelear el puesto y jugar. Sin dudas la llegada de un cinco zurdo, con mucho despliegue y buena distribuci\u00f3n de pelota, le dar\u00e1 a Gallardo una alternativa m\u00e1s para lograr el equilibrio en el equipo.<\/p>\n<p class=\"bajada\">Iv\u00e1n Rossi, que suma a Lollo y Bologna como refuerzos, viajar\u00e1 a Orlando en los pr\u00f3ximos d\u00edas para incorporarse\u00a0a\u00a0la pretemporada de River.<\/p>\n<p class=\"bajada\"><strong>El \u00fanico gol de Iv\u00e1n Rossi en primera<\/strong><\/p>\n<p><iframe loading=\"lazy\" src=\"https:\/\/www.youtube.com\/embed\/felPzFcr9_8\" width=\"560\" height=\"315\" frameborder=\"0\" allowfullscreen=\"allowfullscreen\"><\/iframe><\/p>\n<p class=\"bajada\">\n","protected":false},"excerpt":{"rendered":"<p>El mediocampista central proveniente de Banfield, tiene 22 a\u00f1os y llega al club de N\u00fa\u00f1ez por\u00a0una cifra cercana a los 40 millones de pesos. Tras la revisi\u00f3n m\u00e9dica realizada esta ma\u00f1ana, se confirm\u00f3 que Iv\u00e1n Rossi ser\u00e1 el tercer refuerzo de River Plate. Si bien reci\u00e9n a la tarde se firmar\u00e1 el contrato, ya est\u00e1 [&hellip;]<\/p>\n","protected":false},"author":23,"featured_media":30466,"comment_status":"closed","ping_status":"open","sticky":false,"template":"","format":"standard","meta":{"_seopress_robots_primary_cat":"","_seopress_titles_title":"","_seopress_titles_desc":"","_seopress_robots_index":"","footnotes":""},"categories":[2,16],"tags":[358,3163,74,3130],"class_list":["post-30464","post","type-post","status-publish","format-standard","has-post-thumbnail","hentry","category-futbol","category-primera-division","tag-banfield","tag-gallardo","tag-river","tag-rossi"],"_links":{"self":[{"href":"https:\/\/www.cordobatimes.com\/deportes\/wp-json\/wp\/v2\/posts\/30464","targetHints":{"allow":["GET"]}}],"collection":[{"href":"https:\/\/www.cordobatimes.com\/deportes\/wp-json\/wp\/v2\/posts"}],"about":[{"href":"https:\/\/www.cordobatimes.com\/deportes\/wp-json\/wp\/v2\/types\/post"}],"author":[{"embeddable":true,"href":"https:\/\/www.cordobatimes.com\/deportes\/wp-json\/wp\/v2\/users\/23"}],"replies":[{"embeddable":true,"href":"https:\/\/www.cordobatimes.com\/deportes\/wp-json\/wp\/v2\/comments?post=30464"}],"version-history":[{"count":0,"href":"https:\/\/www.cordobatimes.com\/deportes\/wp-json\/wp\/v2\/posts\/30464\/revisions"}],"wp:featuredmedia":[{"embeddable":true,"href":"https:\/\/www.cordobatimes.com\/deportes\/wp-json\/wp\/v2\/media\/30466"}],"wp:attachment":[{"href":"https:\/\/www.cordobatimes.com\/deportes\/wp-json\/wp\/v2\/media?parent=30464"}],"wp:term":[{"taxonomy":"category","embeddable":true,"href":"https:\/\/www.cordobatimes.com\/deportes\/wp-json\/wp\/v2\/categories?post=30464"},{"taxonomy":"post_tag","embeddable":true,"href":"https:\/\/www.cordobatimes.com\/deportes\/wp-json\/wp\/v2\/tags?post=30464"}],"curies":[{"name":"wp","href":"https:\/\/api.w.org\/{rel}","templated":true}]}}