{"id":30428,"date":"2016-07-04T18:28:51","date_gmt":"2016-07-04T21:28:51","guid":{"rendered":"http:\/\/www.cordobatimes.com\/deportes\/?p=30428"},"modified":"2016-07-04T18:28:51","modified_gmt":"2016-07-04T21:28:51","slug":"semifinal-de-la-libertadores-barros-schelotto-repitio-el-equipo-en-el-entrenamiento","status":"publish","type":"post","link":"https:\/\/www.cordobatimes.com\/deportes\/futbol\/2016\/07\/04\/semifinal-de-la-libertadores-barros-schelotto-repitio-el-equipo-en-el-entrenamiento\/","title":{"rendered":"Semifinal de la Libertadores: Barros Schelotto repiti\u00f3 el equipo en el entrenamiento"},"content":{"rendered":"<p><img loading=\"lazy\" decoding=\"async\" class=\"\" src=\"http:\/\/www.telam.com.ar\/advf\/imagenes\/2016\/06\/576bdbdca763e_510x339.jpg\" alt=\"\" width=\"761\" height=\"506\" \/><\/p>\n<p><strong>El entrenador xeneize repiti\u00f3 el equipo con el cual ven\u00eda ensayando de cara a la primera semifinal de Copa Libertadores del pr\u00f3ximo jueves, como visitante, ante Independiente del Valle de Ecuador.<\/strong><\/p>\n<p>La formaci\u00f3n que dispuso Barros Schelotto en la pr\u00e1ctica de f\u00fatbol, por segundo d\u00eda consecutivo, fue el siguiente: Agust\u00edn Ori\u00f3n; Gino Peruzzi, Daniel D\u00edaz, Juan Insaurralde y Frank Fabra; Pablo P\u00e9rez, Leonardo Jara y Fernando Zuqui; Dar\u00edo Benedetto, Carlos Tevez y Nicol\u00e1s Lodeiro.<\/p>\n<p>Este equipo, seg\u00fan lo dispuesto por el DT en el entrenamiento realizado a puertas cerradas en Casa Amarilla, enfrent\u00f3 al suplente, que tuvo en sus filas a Guillermo Sara; Nahuel Molina, Fernando Tobio, Lisandro Magall\u00e1n y Jonathan Silva; Rodrigo Bentancur, Andr\u00e9s Cubas y Gonzalo Castellani; Federico Carrizo, Walter Bou y Andr\u00e9s Ch\u00e1vez.<\/p>\n<p>Adem\u00e1s de los posibles titulares, la lista de convocados para viajar a Ecuador se completa con Sara; Tobio, Magall\u00e1n, Silva, Bentancur, Cubas, Carrizo, Bou y Ch\u00e1vez.<\/p>\n<p>Una vez finalizado el trabajo de f\u00fatbol en espacios reducidos, Barros Schelotto se qued\u00f3 unos minutos m\u00e1s en la cancha en un di\u00e1logo con Castellani.<\/p>\n<p>De confirmarse este equipo, Boca tendr\u00e1 dos modificaciones con respecto al que gan\u00f3 4-0 ante G\u00fcemes de Santiago del Estero por 32avos. de final de Copa Argentina: Benedetto por Cristian Pav\u00f3n (suspendido una fecha por la Conmebol) y P\u00e9rez por Cubas.<\/p>\n<p>En tanto, el flamante refuerzo, el defensor Santiago Vergini, quien firm\u00f3 su contrato en las \u00faltimas horas, se entren\u00f3 luego de la pr\u00e1ctica formal de f\u00fatbol.<\/p>\n<p>Por otra parte, el presidente Daniel Angelici, junto con Barros Schelotto, P\u00e9rez y Cubas, asistieron a la presentaci\u00f3n de un nuevo sponsor del club, vinculado a una compa\u00f1\u00eda que vende celulares.<\/p>\n<p>Angelici confirm\u00f3 a T\u00e9lam la llegada del atacante Oscar &#8220;Junior&#8221; Ben\u00edtez a pr\u00e9stamo por un a\u00f1o, proveniente de Benfica de Portugal, quien lo adquiri\u00f3 a Lan\u00fas la semana pasada.<\/p>\n<p>A su vez, el titular del club xeneize afirm\u00f3 que buscar\u00e1n la renovaci\u00f3n del pr\u00e9stamo del defensor Jonathan Silva, cuyo contrato -que venci\u00f3 el 30 de junio- fue extendido con Porto de Portugal a ra\u00edz de su participaci\u00f3n en la Copa Libertadores. La intenci\u00f3n es que contin\u00fae por un a\u00f1o m\u00e1s en el club.<\/p>\n<p>&#8220;Boca no traer\u00e1 a nadie m\u00e1s y tratar\u00e1 de vender jugadores&#8221;, afirm\u00f3 Angelici a T\u00e9lam a prop\u00f3sito de la postura del equipo xeneize en el mercado de pases.<\/p>\n<p>Los volantes Nicol\u00e1s Lodeiro (pretendido desde la liga estadounidense de f\u00fatbol), Rodrigo Bentancur (interesa a Sevilla de Espa\u00f1a), Marcelo Meli (lo busca Racing) y Nicol\u00e1s Colazo m\u00e1s el delantero Sebasti\u00e1n Palacios est\u00e1n en esa lista de jugadores a ser transferidos.<\/p>\n<p>El plantel de Boca retornar\u00e1 ma\u00f1ana desde las 9 a los entrenamientos, a puertas cerradas, almorzar\u00e1 en el club y a partir de las 15 emprender\u00e1 el viaje a Ecuador en un vuelo charter. El arribo a Guayaquil est\u00e1 previsto para las 23.30, hora argentina.<\/p>\n<p>Boca Juniors jugar\u00e1 el pr\u00f3ximo jueves como visitante en Quito el partido de ida de semifinales de la Copa Libertadores ante Independiente del Valle de Ecuador, con el arbitraje del colombiano Wilmar Rold\u00e1n.<\/p>\n","protected":false},"excerpt":{"rendered":"<p>El entrenador xeneize repiti\u00f3 el equipo con el cual ven\u00eda ensayando de cara a la primera semifinal de Copa Libertadores del pr\u00f3ximo jueves, como visitante, ante Independiente del Valle de Ecuador. La formaci\u00f3n que dispuso Barros Schelotto en la pr\u00e1ctica de f\u00fatbol, por segundo d\u00eda consecutivo, fue el siguiente: Agust\u00edn Ori\u00f3n; Gino Peruzzi, Daniel D\u00edaz, [&hellip;]<\/p>\n","protected":false},"author":1,"featured_media":30429,"comment_status":"closed","ping_status":"open","sticky":false,"template":"","format":"standard","meta":{"_seopress_robots_primary_cat":"","_seopress_titles_title":"","_seopress_titles_desc":"","_seopress_robots_index":"","footnotes":""},"categories":[21,2],"tags":[5651,225,5652,421,2929,5654,5653,5655],"class_list":["post-30428","post","type-post","status-publish","format-standard","has-post-thumbnail","hentry","category-copa-libertadores","category-futbol","tag-boca-junior","tag-convocados","tag-copa-libertadores-2016","tag-entrenamiento","tag-formacion","tag-independiente-del-valle-de-ecuador","tag-lista-de-convocados-para-viajar-a-ecuador","tag-semifinal-ida"],"_links":{"self":[{"href":"https:\/\/www.cordobatimes.com\/deportes\/wp-json\/wp\/v2\/posts\/30428","targetHints":{"allow":["GET"]}}],"collection":[{"href":"https:\/\/www.cordobatimes.com\/deportes\/wp-json\/wp\/v2\/posts"}],"about":[{"href":"https:\/\/www.cordobatimes.com\/deportes\/wp-json\/wp\/v2\/types\/post"}],"author":[{"embeddable":true,"href":"https:\/\/www.cordobatimes.com\/deportes\/wp-json\/wp\/v2\/users\/1"}],"replies":[{"embeddable":true,"href":"https:\/\/www.cordobatimes.com\/deportes\/wp-json\/wp\/v2\/comments?post=30428"}],"version-history":[{"count":0,"href":"https:\/\/www.cordobatimes.com\/deportes\/wp-json\/wp\/v2\/posts\/30428\/revisions"}],"wp:featuredmedia":[{"embeddable":true,"href":"https:\/\/www.cordobatimes.com\/deportes\/wp-json\/wp\/v2\/media\/30429"}],"wp:attachment":[{"href":"https:\/\/www.cordobatimes.com\/deportes\/wp-json\/wp\/v2\/media?parent=30428"}],"wp:term":[{"taxonomy":"category","embeddable":true,"href":"https:\/\/www.cordobatimes.com\/deportes\/wp-json\/wp\/v2\/categories?post=30428"},{"taxonomy":"post_tag","embeddable":true,"href":"https:\/\/www.cordobatimes.com\/deportes\/wp-json\/wp\/v2\/tags?post=30428"}],"curies":[{"name":"wp","href":"https:\/\/api.w.org\/{rel}","templated":true}]}}