{"id":30400,"date":"2016-07-02T21:43:17","date_gmt":"2016-07-03T00:43:17","guid":{"rendered":"http:\/\/www.cordobatimes.com\/deportes\/?p=30400"},"modified":"2016-07-02T21:44:26","modified_gmt":"2016-07-03T00:44:26","slug":"klusener-renovo-su-contrato-con-talleres-por-un-ano-mas","status":"publish","type":"post","link":"https:\/\/www.cordobatimes.com\/deportes\/futbol\/2016\/07\/02\/klusener-renovo-su-contrato-con-talleres-por-un-ano-mas\/","title":{"rendered":"Klusener renov\u00f3 su contrato con Talleres por un a\u00f1o m\u00e1s"},"content":{"rendered":"<p><strong><a href=\"http:\/\/www.cordobatimes.com\/deportes\/wp-content\/uploads\/2016\/07\/Klusener-talleres.jpg\" rel=\"attachment wp-att-30401\"><img loading=\"lazy\" decoding=\"async\" class=\"alignnone size-full wp-image-30401\" src=\"http:\/\/www.cordobatimes.com\/deportes\/wp-content\/uploads\/2016\/07\/Klusener-talleres.jpg\" alt=\"Klusener talleres\" width=\"1024\" height=\"560\" data-id=\"30401\" srcset=\"https:\/\/www.cordobatimes.com\/deportes\/wp-content\/uploads\/2016\/07\/Klusener-talleres.jpg 1024w, https:\/\/www.cordobatimes.com\/deportes\/wp-content\/uploads\/2016\/07\/Klusener-talleres-300x164.jpg 300w, https:\/\/www.cordobatimes.com\/deportes\/wp-content\/uploads\/2016\/07\/Klusener-talleres-768x420.jpg 768w\" sizes=\"auto, (max-width: 1024px) 100vw, 1024px\" \/><\/a>La Comisi\u00f3n Directiva del &#8220;Matador&#8221; inform\u00f3 este s\u00e1bado que el goleador seguir\u00e1 en el club y que prolong\u00f3 su contrato por 12 meses. De esta manera, buscar\u00e1 seguir haciendo historia en Primera.<\/strong><\/p>\n<p>La Comisi\u00f3n Directiva de Talleres inform\u00f3 este s\u00e1bado por la noche que el goleador e \u00eddolo del &#8220;Matador&#8221; Gonzalo Klusener renov\u00f3 su v\u00ednculo contractual con el club por un a\u00f1o m\u00e1s.<\/p>\n<p>De esta manera, el delantero misionero, referente en el ascenso de 2013 a la B Nacional y en el de este a\u00f1o a Primera Divisi\u00f3n, buscar\u00e1 seguir inflando redes en la m\u00e1xima categor\u00eda del f\u00fatbol argentino.<\/p>\n<p>&#8220;La Comisi\u00f3n Directiva de #Talleres informa que hemos prolongado por un a\u00f1o el contrato del Club con Gonzalo Klusener&#8221;, escribi\u00f3 la instituci\u00f3n en su cuenta de Twitter.<\/p>\n<blockquote class=\"twitter-tweet\" data-lang=\"es\">\n<p dir=\"ltr\" lang=\"es\">La Comisi\u00f3n Directiva de <a href=\"https:\/\/twitter.com\/hashtag\/Talleres?src=hash\">#Talleres<\/a> informa que hemos prolongado por un a\u00f1o el contrato del Club con Gonzalo Klusener <a href=\"https:\/\/t.co\/w3MByXskO4\">pic.twitter.com\/w3MByXskO4<\/a><\/p>\n<p>\u2014 C.A. Talleres (@CATalleresdecba) <a href=\"https:\/\/twitter.com\/CATalleresdecba\/status\/749391980212477952\">2 de julio de 2016<\/a><\/p><\/blockquote>\n<p><script src=\"\/\/platform.twitter.com\/widgets.js\" async=\"\" charset=\"utf-8\"><\/script><\/p>\n<p>La noticia de la continuidad de &#8220;Klusegol&#8221; era una de las m\u00e1s esperadas por los hinchas del &#8220;Albiazul&#8221;.<\/p>\n","protected":false},"excerpt":{"rendered":"<p>La Comisi\u00f3n Directiva del &#8220;Matador&#8221; inform\u00f3 este s\u00e1bado que el goleador seguir\u00e1 en el club y que prolong\u00f3 su contrato por 12 meses. De esta manera, buscar\u00e1 seguir haciendo historia en Primera. La Comisi\u00f3n Directiva de Talleres inform\u00f3 este s\u00e1bado por la noche que el goleador e \u00eddolo del &#8220;Matador&#8221; Gonzalo Klusener renov\u00f3 su v\u00ednculo [&hellip;]<\/p>\n","protected":false},"author":20,"featured_media":30401,"comment_status":"closed","ping_status":"open","sticky":false,"template":"","format":"standard","meta":{"_seopress_robots_primary_cat":"","_seopress_titles_title":"","_seopress_titles_desc":"","_seopress_robots_index":"","footnotes":""},"categories":[2,16],"tags":[526,552,4181,5645,40],"class_list":["post-30400","post","type-post","status-publish","format-standard","has-post-thumbnail","hentry","category-futbol","category-primera-division","tag-hu","tag-klusener","tag-primera-a","tag-renovo-contrato-con-talleres-de-cordoba","tag-talleres"],"_links":{"self":[{"href":"https:\/\/www.cordobatimes.com\/deportes\/wp-json\/wp\/v2\/posts\/30400","targetHints":{"allow":["GET"]}}],"collection":[{"href":"https:\/\/www.cordobatimes.com\/deportes\/wp-json\/wp\/v2\/posts"}],"about":[{"href":"https:\/\/www.cordobatimes.com\/deportes\/wp-json\/wp\/v2\/types\/post"}],"author":[{"embeddable":true,"href":"https:\/\/www.cordobatimes.com\/deportes\/wp-json\/wp\/v2\/users\/20"}],"replies":[{"embeddable":true,"href":"https:\/\/www.cordobatimes.com\/deportes\/wp-json\/wp\/v2\/comments?post=30400"}],"version-history":[{"count":0,"href":"https:\/\/www.cordobatimes.com\/deportes\/wp-json\/wp\/v2\/posts\/30400\/revisions"}],"wp:featuredmedia":[{"embeddable":true,"href":"https:\/\/www.cordobatimes.com\/deportes\/wp-json\/wp\/v2\/media\/30401"}],"wp:attachment":[{"href":"https:\/\/www.cordobatimes.com\/deportes\/wp-json\/wp\/v2\/media?parent=30400"}],"wp:term":[{"taxonomy":"category","embeddable":true,"href":"https:\/\/www.cordobatimes.com\/deportes\/wp-json\/wp\/v2\/categories?post=30400"},{"taxonomy":"post_tag","embeddable":true,"href":"https:\/\/www.cordobatimes.com\/deportes\/wp-json\/wp\/v2\/tags?post=30400"}],"curies":[{"name":"wp","href":"https:\/\/api.w.org\/{rel}","templated":true}]}}