{"id":30372,"date":"2016-06-15T21:11:46","date_gmt":"2016-06-16T00:11:46","guid":{"rendered":"http:\/\/www.cordobatimes.com\/deportes\/?p=30372"},"modified":"2016-06-15T21:12:48","modified_gmt":"2016-06-16T00:12:48","slug":"pablo-guede-dejo-de-ser-el-entrenador-de-san-lorenzo","status":"publish","type":"post","link":"https:\/\/www.cordobatimes.com\/deportes\/futbol\/2016\/06\/15\/pablo-guede-dejo-de-ser-el-entrenador-de-san-lorenzo\/","title":{"rendered":"Pablo Guede dej\u00f3 de ser el entrenador de San Lorenzo"},"content":{"rendered":"<p><img loading=\"lazy\" decoding=\"async\" class=\"alignnone wp-image-30373\" src=\"http:\/\/www.cordobatimes.com\/deportes\/wp-content\/uploads\/2016\/06\/guede-300x169.jpg\" alt=\"guede\" width=\"604\" height=\"340\" data-id=\"30373\" srcset=\"https:\/\/www.cordobatimes.com\/deportes\/wp-content\/uploads\/2016\/06\/guede-300x169.jpg 300w, https:\/\/www.cordobatimes.com\/deportes\/wp-content\/uploads\/2016\/06\/guede-768x432.jpg 768w, https:\/\/www.cordobatimes.com\/deportes\/wp-content\/uploads\/2016\/06\/guede.jpg 770w\" sizes=\"auto, (max-width: 604px) 100vw, 604px\" \/><\/p>\n<p><strong>El director t\u00e9cnico dej\u00f3 su cargo luego de seis meses con altibajos y diferencias con la dirigencia. Adem\u00e1s se cree que podr\u00eda tener una importante oferta del f\u00fatbol \u00e1rabe.<\/strong><\/p>\n<p>Luego de una charla\u00a0que\u00a0mantuvieron por tel\u00e9fono Pablo Guede y Bernardo Romero,\u00a0manager de San Lorenzo, se comunic\u00f3 que el entrenador no continuar\u00e1 al mando del equipo azulgrana. La renuncia se cree que se llev\u00f3 a cabo tras varias desacuerdos con la dirigencia y la confirmaci\u00f3n de la renovaci\u00f3n del contrato de Juan Mercier, pese a que el entrenador le hab\u00eda informado que no lo iba a tener en cuenta.<\/p>\n<p>Tras seis meses de trabajo el entrenador\u00a0logr\u00f3 obtener la S\u00fapercopa Argentina en la recordada final frente a Boca Juniors. A pesar de este titulo el balance no fue del todo positivo ya que el equipo azulgrana qued\u00f3 eliminado en la primera fase de la Copa Libertadores y fue vapuleado por Lanus en la final del Torneo de Transici\u00f3n 2016.<\/p>\n<p>Adem\u00e1s de los resultados y las diferencias con la dirigencia parece haber una fuerte oferta del f\u00fatbol \u00e1rabe que seducir\u00eda a Guede y lo habr\u00eda llevado a abandonar el cargo.<\/p>\n<p>Por el momento no hay ning\u00fan reemplazante en carpeta de la Comisi\u00f3n Directiva que se reunir\u00e1 en las pr\u00f3ximas horas para definir quien ser\u00e1 el nuevo entrenador.<\/p>\n<p>&nbsp;<\/p>\n","protected":false},"excerpt":{"rendered":"<p>El director t\u00e9cnico dej\u00f3 su cargo luego de seis meses con altibajos y diferencias con la dirigencia. Adem\u00e1s se cree que podr\u00eda tener una importante oferta del f\u00fatbol \u00e1rabe. Luego de una charla\u00a0que\u00a0mantuvieron por tel\u00e9fono Pablo Guede y Bernardo Romero,\u00a0manager de San Lorenzo, se comunic\u00f3 que el entrenador no continuar\u00e1 al mando del equipo azulgrana. [&hellip;]<\/p>\n","protected":false},"author":23,"featured_media":30373,"comment_status":"closed","ping_status":"open","sticky":false,"template":"","format":"standard","meta":{"_seopress_robots_primary_cat":"","_seopress_titles_title":"","_seopress_titles_desc":"","_seopress_robots_index":"","footnotes":""},"categories":[2],"tags":[5641,313],"class_list":["post-30372","post","type-post","status-publish","format-standard","has-post-thumbnail","hentry","category-futbol","tag-guede","tag-san-lorenzo"],"_links":{"self":[{"href":"https:\/\/www.cordobatimes.com\/deportes\/wp-json\/wp\/v2\/posts\/30372","targetHints":{"allow":["GET"]}}],"collection":[{"href":"https:\/\/www.cordobatimes.com\/deportes\/wp-json\/wp\/v2\/posts"}],"about":[{"href":"https:\/\/www.cordobatimes.com\/deportes\/wp-json\/wp\/v2\/types\/post"}],"author":[{"embeddable":true,"href":"https:\/\/www.cordobatimes.com\/deportes\/wp-json\/wp\/v2\/users\/23"}],"replies":[{"embeddable":true,"href":"https:\/\/www.cordobatimes.com\/deportes\/wp-json\/wp\/v2\/comments?post=30372"}],"version-history":[{"count":0,"href":"https:\/\/www.cordobatimes.com\/deportes\/wp-json\/wp\/v2\/posts\/30372\/revisions"}],"wp:featuredmedia":[{"embeddable":true,"href":"https:\/\/www.cordobatimes.com\/deportes\/wp-json\/wp\/v2\/media\/30373"}],"wp:attachment":[{"href":"https:\/\/www.cordobatimes.com\/deportes\/wp-json\/wp\/v2\/media?parent=30372"}],"wp:term":[{"taxonomy":"category","embeddable":true,"href":"https:\/\/www.cordobatimes.com\/deportes\/wp-json\/wp\/v2\/categories?post=30372"},{"taxonomy":"post_tag","embeddable":true,"href":"https:\/\/www.cordobatimes.com\/deportes\/wp-json\/wp\/v2\/tags?post=30372"}],"curies":[{"name":"wp","href":"https:\/\/api.w.org\/{rel}","templated":true}]}}