{"id":30369,"date":"2016-06-15T20:48:06","date_gmt":"2016-06-15T23:48:06","guid":{"rendered":"http:\/\/www.cordobatimes.com\/deportes\/?p=30369"},"modified":"2016-06-15T20:48:06","modified_gmt":"2016-06-15T23:48:06","slug":"eurocopa-francia-es-el-primer-clasificado-a-los-octavos-de-final","status":"publish","type":"post","link":"https:\/\/www.cordobatimes.com\/deportes\/futbol\/2016\/06\/15\/eurocopa-francia-es-el-primer-clasificado-a-los-octavos-de-final\/","title":{"rendered":"Eurocopa: Francia es el primer clasificado a los octavos de final"},"content":{"rendered":"<p><img loading=\"lazy\" decoding=\"async\" class=\"alignnone wp-image-30370\" src=\"http:\/\/www.cordobatimes.com\/deportes\/wp-content\/uploads\/2016\/06\/griezmann-300x182.jpg\" alt=\"griezmann\" width=\"704\" height=\"427\" data-id=\"30370\" srcset=\"https:\/\/www.cordobatimes.com\/deportes\/wp-content\/uploads\/2016\/06\/griezmann-300x182.jpg 300w, https:\/\/www.cordobatimes.com\/deportes\/wp-content\/uploads\/2016\/06\/griezmann.jpg 660w\" sizes=\"auto, (max-width: 704px) 100vw, 704px\" \/><\/p>\n<p><strong>El elenco anfitri\u00f3n de la Eurocopa consigui\u00f3 la clasificaci\u00f3n a los octavos de final tras vencer por dos goles\u00a0a Albania. Los goles fueron convertidos por Antoine Griezmann\u00a0y Dimitri Payet en los ultimos 5 minutos del partido.<\/strong><\/p>\n<p class=\"capital\">Por el segundo partido del Grupo A de la Eurocopa, Francia logr\u00f3 una importante victoria por\u00a02-0 de forma ag\u00f3nica.\u00a0El equipo dirigido por Didier Deschamps\u00a0sufri\u00f3 m\u00e1s de la cuenta ante Albania pero lo venci\u00f3 con goles de Antoine Griezmann y de Dimitri Payet.\u00a0\u00a0A los 89, apareci\u00f3 el delantero del Atl\u00e9tico Madrid\u00a0para decretar el partido con un cabezazo, y Payet en la \u00faltima jugada del encuentro convirti\u00f3 un verdadero golazo.<\/p>\n<p>De esta manera, los locales aprovecharon el empate entre Rumania y Suiza y se clasificaron a la siguiente fase del torneo m\u00e1s importante de Europa.<\/p>\n<p><strong>El gol de Griezmann<\/strong><br \/>\n<iframe loading=\"lazy\" src=\"https:\/\/www.youtube.com\/embed\/s96mPF6pTEc\" width=\"560\" height=\"315\" frameborder=\"0\" allowfullscreen=\"allowfullscreen\"><\/iframe><\/p>\n<p><strong>El gol de Payet<\/strong><br \/>\n<iframe loading=\"lazy\" width=\"560\" height=\"315\" src=\"https:\/\/www.youtube.com\/embed\/HCzPEvVyykA\" frameborder=\"0\" allowfullscreen><\/iframe><br \/>\n&nbsp;<\/p>\n","protected":false},"excerpt":{"rendered":"<p>El elenco anfitri\u00f3n de la Eurocopa consigui\u00f3 la clasificaci\u00f3n a los octavos de final tras vencer por dos goles\u00a0a Albania. Los goles fueron convertidos por Antoine Griezmann\u00a0y Dimitri Payet en los ultimos 5 minutos del partido. Por el segundo partido del Grupo A de la Eurocopa, Francia logr\u00f3 una importante victoria por\u00a02-0 de forma ag\u00f3nica.\u00a0El [&hellip;]<\/p>\n","protected":false},"author":23,"featured_media":30370,"comment_status":"closed","ping_status":"open","sticky":false,"template":"","format":"standard","meta":{"_seopress_robots_primary_cat":"","_seopress_titles_title":"","_seopress_titles_desc":"","_seopress_robots_index":"","footnotes":""},"categories":[2,18],"tags":[5638,5635,366,5639,152,5640],"class_list":["post-30369","post","type-post","status-publish","format-standard","has-post-thumbnail","hentry","category-futbol","category-futbol-internacional","tag-albania","tag-eurocopa","tag-francia","tag-griezmann","tag-octavos-de-final","tag-payet"],"_links":{"self":[{"href":"https:\/\/www.cordobatimes.com\/deportes\/wp-json\/wp\/v2\/posts\/30369","targetHints":{"allow":["GET"]}}],"collection":[{"href":"https:\/\/www.cordobatimes.com\/deportes\/wp-json\/wp\/v2\/posts"}],"about":[{"href":"https:\/\/www.cordobatimes.com\/deportes\/wp-json\/wp\/v2\/types\/post"}],"author":[{"embeddable":true,"href":"https:\/\/www.cordobatimes.com\/deportes\/wp-json\/wp\/v2\/users\/23"}],"replies":[{"embeddable":true,"href":"https:\/\/www.cordobatimes.com\/deportes\/wp-json\/wp\/v2\/comments?post=30369"}],"version-history":[{"count":0,"href":"https:\/\/www.cordobatimes.com\/deportes\/wp-json\/wp\/v2\/posts\/30369\/revisions"}],"wp:featuredmedia":[{"embeddable":true,"href":"https:\/\/www.cordobatimes.com\/deportes\/wp-json\/wp\/v2\/media\/30370"}],"wp:attachment":[{"href":"https:\/\/www.cordobatimes.com\/deportes\/wp-json\/wp\/v2\/media?parent=30369"}],"wp:term":[{"taxonomy":"category","embeddable":true,"href":"https:\/\/www.cordobatimes.com\/deportes\/wp-json\/wp\/v2\/categories?post=30369"},{"taxonomy":"post_tag","embeddable":true,"href":"https:\/\/www.cordobatimes.com\/deportes\/wp-json\/wp\/v2\/tags?post=30369"}],"curies":[{"name":"wp","href":"https:\/\/api.w.org\/{rel}","templated":true}]}}