{"id":30353,"date":"2016-06-10T14:15:39","date_gmt":"2016-06-10T17:15:39","guid":{"rendered":"http:\/\/www.cordobatimes.com\/deportes\/?p=30353"},"modified":"2016-06-10T14:15:57","modified_gmt":"2016-06-10T17:15:57","slug":"martino-y-un-entrenamiento-tactico-sin-messi","status":"publish","type":"post","link":"https:\/\/www.cordobatimes.com\/deportes\/futbol\/2016\/06\/10\/martino-y-un-entrenamiento-tactico-sin-messi\/","title":{"rendered":"Martino y un entrenamiento t\u00e1ctico sin Messi"},"content":{"rendered":"<h3><a href=\"http:\/\/www.cordobatimes.com\/deportes\/wp-content\/uploads\/2016\/06\/messi_chicago.jpg\" rel=\"attachment wp-att-30354\"><img loading=\"lazy\" decoding=\"async\" class=\"size-full wp-image-30354 aligncenter\" src=\"http:\/\/www.cordobatimes.com\/deportes\/wp-content\/uploads\/2016\/06\/messi_chicago.jpg\" alt=\"messi_chicago\" width=\"642\" height=\"366\" data-id=\"30354\" srcset=\"https:\/\/www.cordobatimes.com\/deportes\/wp-content\/uploads\/2016\/06\/messi_chicago.jpg 642w, https:\/\/www.cordobatimes.com\/deportes\/wp-content\/uploads\/2016\/06\/messi_chicago-300x171.jpg 300w\" sizes=\"auto, (max-width: 642px) 100vw, 642px\" \/><\/a>El entrenador argentino realiz\u00f3 una pr\u00e1ctica de f\u00fatbol formal y par\u00f3 nuevamente a Gait\u00e1n en lugar de la Pulga, que estuvo haciendo ejercicios de definici\u00f3n.<\/h3>\n<p class=\"capital\">Selecci\u00f3n argentina ya ultima detalles para encarar el segundo encuentro de la fase de grupos, ante Panam\u00e1, y Gerardo Martino parece tener decididos a los once jugadores que saldr\u00e1n desde el inicio, entre los que confirm\u00f3 esta ma\u00f1ana que estar\u00e1 Lionel Messi, ya recuperado de su dolencia.<\/p>\n<p>Sin embargo, en el entrenamiento de esta tarde, el \u00faltimo antes del choque de que tendr\u00e1 el equipo ma\u00f1ana, desde las 22.30, en Chicago, el entrenador argentino dispuso un bloque t\u00e1ctico en el que no incluy\u00f3 al rosarino entre los once titulares. En su lugar estuvo Nicol\u00e1s Gait\u00e1n, tal como hab\u00eda ocurrido en el debut ante Chile.<\/p>\n<p>La Pulga solamente realiz\u00f3 ejercicios de definici\u00f3n y luego mir\u00f3 al equipo desde afuera. \u00bfHabr\u00e1 sido para cuidarlo? La respuesta: ma\u00f1ana, en el\u00a0Soldier Field de Chicago.<\/p>\n","protected":false},"excerpt":{"rendered":"<p>El entrenador argentino realiz\u00f3 una pr\u00e1ctica de f\u00fatbol formal y par\u00f3 nuevamente a Gait\u00e1n en lugar de la Pulga, que estuvo haciendo ejercicios de definici\u00f3n. Selecci\u00f3n argentina ya ultima detalles para encarar el segundo encuentro de la fase de grupos, ante Panam\u00e1, y Gerardo Martino parece tener decididos a los once jugadores que saldr\u00e1n desde [&hellip;]<\/p>\n","protected":false},"author":1,"featured_media":30354,"comment_status":"closed","ping_status":"open","sticky":false,"template":"","format":"standard","meta":{"_seopress_robots_primary_cat":"","_seopress_titles_title":"","_seopress_titles_desc":"","_seopress_robots_index":"","footnotes":""},"categories":[2],"tags":[5632,4381,2929,88,222],"class_list":["post-30353","post","type-post","status-publish","format-standard","has-post-thumbnail","hentry","category-futbol","tag-argentina-vs-panama","tag-copa-america","tag-formacion","tag-messi","tag-tata-martino"],"_links":{"self":[{"href":"https:\/\/www.cordobatimes.com\/deportes\/wp-json\/wp\/v2\/posts\/30353","targetHints":{"allow":["GET"]}}],"collection":[{"href":"https:\/\/www.cordobatimes.com\/deportes\/wp-json\/wp\/v2\/posts"}],"about":[{"href":"https:\/\/www.cordobatimes.com\/deportes\/wp-json\/wp\/v2\/types\/post"}],"author":[{"embeddable":true,"href":"https:\/\/www.cordobatimes.com\/deportes\/wp-json\/wp\/v2\/users\/1"}],"replies":[{"embeddable":true,"href":"https:\/\/www.cordobatimes.com\/deportes\/wp-json\/wp\/v2\/comments?post=30353"}],"version-history":[{"count":0,"href":"https:\/\/www.cordobatimes.com\/deportes\/wp-json\/wp\/v2\/posts\/30353\/revisions"}],"wp:featuredmedia":[{"embeddable":true,"href":"https:\/\/www.cordobatimes.com\/deportes\/wp-json\/wp\/v2\/media\/30354"}],"wp:attachment":[{"href":"https:\/\/www.cordobatimes.com\/deportes\/wp-json\/wp\/v2\/media?parent=30353"}],"wp:term":[{"taxonomy":"category","embeddable":true,"href":"https:\/\/www.cordobatimes.com\/deportes\/wp-json\/wp\/v2\/categories?post=30353"},{"taxonomy":"post_tag","embeddable":true,"href":"https:\/\/www.cordobatimes.com\/deportes\/wp-json\/wp\/v2\/tags?post=30353"}],"curies":[{"name":"wp","href":"https:\/\/api.w.org\/{rel}","templated":true}]}}