{"id":30334,"date":"2016-06-09T19:01:04","date_gmt":"2016-06-09T22:01:04","guid":{"rendered":"http:\/\/www.cordobatimes.com\/deportes\/?p=30334"},"modified":"2016-06-09T19:16:08","modified_gmt":"2016-06-09T22:16:08","slug":"adios-futbol-para-todos-la-firma-norteamericana-que-transmitiria-los-partidos","status":"publish","type":"post","link":"https:\/\/www.cordobatimes.com\/deportes\/futbol\/2016\/06\/09\/adios-futbol-para-todos-la-firma-norteamericana-que-transmitiria-los-partidos\/","title":{"rendered":"Suspenden el llamado a licitaci\u00f3n para la transmisi\u00f3n del &#8220;F\u00fatbol para Todos&#8221;"},"content":{"rendered":"<h3><a href=\"http:\/\/www.cordobatimes.com\/deportes\/wp-content\/uploads\/2014\/01\/futbol_para_todos.jpg\" rel=\"attachment wp-att-6033\"><img loading=\"lazy\" decoding=\"async\" class=\"alignnone size-full wp-image-6033\" src=\"http:\/\/www.cordobatimes.com\/deportes\/wp-content\/uploads\/2014\/01\/futbol_para_todos.jpg\" alt=\"futbol_para_todos\" width=\"1920\" height=\"1080\" data-id=\"6033\" srcset=\"https:\/\/www.cordobatimes.com\/deportes\/wp-content\/uploads\/2014\/01\/futbol_para_todos.jpg 1920w, https:\/\/www.cordobatimes.com\/deportes\/wp-content\/uploads\/2014\/01\/futbol_para_todos-300x168.jpg 300w, https:\/\/www.cordobatimes.com\/deportes\/wp-content\/uploads\/2014\/01\/futbol_para_todos-1024x576.jpg 1024w\" sizes=\"auto, (max-width: 1920px) 100vw, 1920px\" \/><\/a><\/h3>\n<h3><strong>El Gobierno nacional decidi\u00f3 hoy suspender el llamado a licitaci\u00f3n nacional e internacional para la comercializaci\u00f3n de los derechos de transmisi\u00f3n televisiva del programa &#8220;F\u00fatbol para Todos&#8221;, hasta que cese el estado de incertidumbre que atraviesan la AFA y la organizaci\u00f3n de los cert\u00e1menes locales.<\/strong><\/h3>\n<p>&#8220;En este marco de incertidumbre corresponde suspender todo tipo de actuaci\u00f3n que tenga como objeto la comercializaci\u00f3n de la transmisi\u00f3n de los partidos. Hoy no est\u00e1n dadas las condiciones institucionales seguir adelante con el proceso licitatorio&#8221;, indic\u00f3 Fernando De Andreis, secretario general de la Presidencia y responsable del programa &#8220;F\u00fatbol Para Todos&#8221;.<\/p>\n<p>No obstante, De Andreis aclar\u00f3 que la postura del Gobierno &#8220;sigue siendo la misma en cuanto a garantizar la gratuidad de las transmisiones hasta 2019&#8221;.<\/p>\n<p>El pasado 19 de mayo, a ra\u00edz del conflicto existente en la AFA, la jueza federal Mar\u00eda Servini de Cubr\u00eda solicit\u00f3 a la Secretar\u00eda General de la Presidencia que arbitrara los medios necesarios para dar intervenci\u00f3n a la Inspecci\u00f3n General de Justicia (IGJ).<\/p>\n<p>Este organismo procedi\u00f3 entonces a designar dos veedores que llevaron adelante un an\u00e1lisis de la situaci\u00f3n econ\u00f3mica, financiera e institucional de la AFA.<\/p>\n<p>Como consecuencia de las &#8220;irregularidades administrativas&#8221; detectadas en el marco de esa gesti\u00f3n revisora, la IGJ dispuso suspender las elecciones previstas para el pr\u00f3ximo 30 de junio con el fin de elegir al nuevo consejo directivo de la instituci\u00f3n.<\/p>\n<p>Buenos Aires, NA.<\/p>\n","protected":false},"excerpt":{"rendered":"<p>El Gobierno nacional decidi\u00f3 hoy suspender el llamado a licitaci\u00f3n nacional e internacional para la comercializaci\u00f3n de los derechos de transmisi\u00f3n televisiva del programa &#8220;F\u00fatbol para Todos&#8221;, hasta que cese el estado de incertidumbre que atraviesan la AFA y la organizaci\u00f3n de los cert\u00e1menes locales. &#8220;En este marco de incertidumbre corresponde suspender todo tipo de [&hellip;]<\/p>\n","protected":false},"author":1,"featured_media":6033,"comment_status":"closed","ping_status":"open","sticky":false,"template":"","format":"standard","meta":{"_seopress_robots_primary_cat":"","_seopress_titles_title":"","_seopress_titles_desc":"","_seopress_robots_index":"","footnotes":""},"categories":[2],"tags":[526,5623,1468,5622],"class_list":["post-30334","post","type-post","status-publish","format-standard","has-post-thumbnail","hentry","category-futbol","tag-hu","tag-derechos-televisivos-del-futbol-argentino","tag-futbol-para-todos","tag-turner"],"_links":{"self":[{"href":"https:\/\/www.cordobatimes.com\/deportes\/wp-json\/wp\/v2\/posts\/30334","targetHints":{"allow":["GET"]}}],"collection":[{"href":"https:\/\/www.cordobatimes.com\/deportes\/wp-json\/wp\/v2\/posts"}],"about":[{"href":"https:\/\/www.cordobatimes.com\/deportes\/wp-json\/wp\/v2\/types\/post"}],"author":[{"embeddable":true,"href":"https:\/\/www.cordobatimes.com\/deportes\/wp-json\/wp\/v2\/users\/1"}],"replies":[{"embeddable":true,"href":"https:\/\/www.cordobatimes.com\/deportes\/wp-json\/wp\/v2\/comments?post=30334"}],"version-history":[{"count":0,"href":"https:\/\/www.cordobatimes.com\/deportes\/wp-json\/wp\/v2\/posts\/30334\/revisions"}],"wp:featuredmedia":[{"embeddable":true,"href":"https:\/\/www.cordobatimes.com\/deportes\/wp-json\/wp\/v2\/media\/6033"}],"wp:attachment":[{"href":"https:\/\/www.cordobatimes.com\/deportes\/wp-json\/wp\/v2\/media?parent=30334"}],"wp:term":[{"taxonomy":"category","embeddable":true,"href":"https:\/\/www.cordobatimes.com\/deportes\/wp-json\/wp\/v2\/categories?post=30334"},{"taxonomy":"post_tag","embeddable":true,"href":"https:\/\/www.cordobatimes.com\/deportes\/wp-json\/wp\/v2\/tags?post=30334"}],"curies":[{"name":"wp","href":"https:\/\/api.w.org\/{rel}","templated":true}]}}