{"id":30325,"date":"2016-06-08T15:16:06","date_gmt":"2016-06-08T18:16:06","guid":{"rendered":"http:\/\/www.cordobatimes.com\/deportes\/?p=30325"},"modified":"2016-06-08T15:17:43","modified_gmt":"2016-06-08T18:17:43","slug":"copa-america-se-pone-en-marcha-la-segunda-fecha-del-grupo-b","status":"publish","type":"post","link":"https:\/\/www.cordobatimes.com\/deportes\/futbol\/2016\/06\/08\/copa-america-se-pone-en-marcha-la-segunda-fecha-del-grupo-b\/","title":{"rendered":"Copa Am\u00e9rica: Se pone en marcha la segunda fecha del Grupo B"},"content":{"rendered":"<h1><img loading=\"lazy\" decoding=\"async\" class=\"alignnone wp-image-30327\" src=\"http:\/\/www.cordobatimes.com\/deportes\/wp-content\/uploads\/2016\/06\/14624559331800-300x190.jpg\" alt=\"14624559331800\" width=\"638\" height=\"404\" data-id=\"30327\" srcset=\"https:\/\/www.cordobatimes.com\/deportes\/wp-content\/uploads\/2016\/06\/14624559331800-300x190.jpg 300w, https:\/\/www.cordobatimes.com\/deportes\/wp-content\/uploads\/2016\/06\/14624559331800-768x486.jpg 768w, https:\/\/www.cordobatimes.com\/deportes\/wp-content\/uploads\/2016\/06\/14624559331800.jpg 990w\" sizes=\"auto, (max-width: 638px) 100vw, 638px\" \/><\/h1>\n<p><strong>A partir de las 20.30 Brasil enfrenta al seleccionado de Hait\u00ed y desde las 23.00 jugar\u00e1n Per\u00fa-Ecuador. \u00a0Ambos partidos pertenecen al\u00a0Grupo B de la Copa Am\u00e9rica 2016.<\/strong><\/p>\n<p>La segunda fecha del Grupo B se pone en marcha con dos encuentros fundamentales en vista a la segunda ronda de la Copa Am\u00e9rica del Centenario.<\/p>\n<p>Brasil buscar\u00e1 desde las 20.30 acercarse a la clasificaci\u00f3n tras el empate obtenido en la primer fecha frente a Ecuador por 0-0. El conjunto dirigido por Dunga, no dejo una buena imagen en su partido debut y deber\u00e1 ganar para acomodarse en el grupo. Por el otro lado Hait\u00ed, se ve obligado a ganar el encuentro, ya que un empate o una derrota lo dejar\u00edan con\u00a0pocas chances de lograr una clasificaci\u00f3n.<\/p>\n<p>El otro partido del Grupo B se disputar\u00e1 desde las 23.00. Per\u00fa y Ecuador jugar\u00e1n una verdadera final en b\u00fasqueda de la clasificaci\u00f3n. El elenco dirigido por el argentino Ricardo Gareca viene de ganar con lo justo en la primer fecha y mira a todos desde lo m\u00e1s alto de la tabla sabiendo que con una victoria se asegura el\u00a0pase a la siguiente ronda.<\/p>\n<p>Ambos partidos se podr\u00e1n ver por\u00a0TyC Sports y\u00a0los canales\u00a0canales 610 y 1610 de Directv<\/p>\n<p>&nbsp;<\/p>\n<p>&nbsp;<\/p>\n","protected":false},"excerpt":{"rendered":"<p>A partir de las 20.30 Brasil enfrenta al seleccionado de Hait\u00ed y desde las 23.00 jugar\u00e1n Per\u00fa-Ecuador. \u00a0Ambos partidos pertenecen al\u00a0Grupo B de la Copa Am\u00e9rica 2016. La segunda fecha del Grupo B se pone en marcha con dos encuentros fundamentales en vista a la segunda ronda de la Copa Am\u00e9rica del Centenario. Brasil buscar\u00e1 [&hellip;]<\/p>\n","protected":false},"author":23,"featured_media":30326,"comment_status":"closed","ping_status":"open","sticky":false,"template":"","format":"standard","meta":{"_seopress_robots_primary_cat":"","_seopress_titles_title":"","_seopress_titles_desc":"","_seopress_robots_index":"","footnotes":""},"categories":[2,18],"tags":[125,731,4381,3573,642,327,5621,244,825],"class_list":["post-30325","post","type-post","status-publish","format-standard","has-post-thumbnail","hentry","category-futbol","category-futbol-internacional","tag-brasil","tag-centenario","tag-copa-america","tag-dunga","tag-ecuador","tag-gareca","tag-haiti","tag-neymar","tag-peru"],"_links":{"self":[{"href":"https:\/\/www.cordobatimes.com\/deportes\/wp-json\/wp\/v2\/posts\/30325","targetHints":{"allow":["GET"]}}],"collection":[{"href":"https:\/\/www.cordobatimes.com\/deportes\/wp-json\/wp\/v2\/posts"}],"about":[{"href":"https:\/\/www.cordobatimes.com\/deportes\/wp-json\/wp\/v2\/types\/post"}],"author":[{"embeddable":true,"href":"https:\/\/www.cordobatimes.com\/deportes\/wp-json\/wp\/v2\/users\/23"}],"replies":[{"embeddable":true,"href":"https:\/\/www.cordobatimes.com\/deportes\/wp-json\/wp\/v2\/comments?post=30325"}],"version-history":[{"count":0,"href":"https:\/\/www.cordobatimes.com\/deportes\/wp-json\/wp\/v2\/posts\/30325\/revisions"}],"wp:featuredmedia":[{"embeddable":true,"href":"https:\/\/www.cordobatimes.com\/deportes\/wp-json\/wp\/v2\/media\/30326"}],"wp:attachment":[{"href":"https:\/\/www.cordobatimes.com\/deportes\/wp-json\/wp\/v2\/media?parent=30325"}],"wp:term":[{"taxonomy":"category","embeddable":true,"href":"https:\/\/www.cordobatimes.com\/deportes\/wp-json\/wp\/v2\/categories?post=30325"},{"taxonomy":"post_tag","embeddable":true,"href":"https:\/\/www.cordobatimes.com\/deportes\/wp-json\/wp\/v2\/tags?post=30325"}],"curies":[{"name":"wp","href":"https:\/\/api.w.org\/{rel}","templated":true}]}}