{"id":30296,"date":"2016-05-19T11:21:34","date_gmt":"2016-05-19T14:21:34","guid":{"rendered":"http:\/\/www.cordobatimes.com\/deportes\/?p=30296"},"modified":"2016-05-19T11:21:34","modified_gmt":"2016-05-19T14:21:34","slug":"racing-recibe-a-temperley-en-la-despedida-de-milito","status":"publish","type":"post","link":"https:\/\/www.cordobatimes.com\/deportes\/futbol\/2016\/05\/19\/racing-recibe-a-temperley-en-la-despedida-de-milito\/","title":{"rendered":"Racing recibe a Temperley en la despedida de Milito"},"content":{"rendered":"<p><img loading=\"lazy\" decoding=\"async\" class=\"alignnone  wp-image-30297\" src=\"http:\/\/www.cordobatimes.com\/deportes\/wp-content\/uploads\/2016\/05\/milito-300x169.jpg\" alt=\"milito\" width=\"612\" height=\"345\" data-id=\"30297\" srcset=\"https:\/\/www.cordobatimes.com\/deportes\/wp-content\/uploads\/2016\/05\/milito-300x169.jpg 300w, https:\/\/www.cordobatimes.com\/deportes\/wp-content\/uploads\/2016\/05\/milito-768x432.jpg 768w, https:\/\/www.cordobatimes.com\/deportes\/wp-content\/uploads\/2016\/05\/milito-765x433.jpg 765w, https:\/\/www.cordobatimes.com\/deportes\/wp-content\/uploads\/2016\/05\/milito.jpg 770w\" sizes=\"auto, (max-width: 612px) 100vw, 612px\" \/><\/p>\n<p><strong>El s\u00e1bado ser\u00e1 el \u00faltimo partido del \u00eddolo de Racing. Se cree que Mostaza Merlo, ex DT campe\u00f3n en 2001, podr\u00eda ir como hincha para despedir al &#8220;Pr\u00edncipe&#8221;.<\/strong><\/p>\n<p class=\"primero\">Desde las 17.30 en el Cilindro de Avellanada, se vivir\u00e1 una fiesta por la desdepida de uno de los grandes \u00eddolos de Racing.<\/p>\n<p class=\"primero\">\n<p>Facundo Sava prepara\u00a0el equipo que saldr\u00e1 a jugar el s\u00e1bado, y si bien no est\u00e1 confirmado, se espera que sean Sebasti\u00e1n Saja; Iv\u00e1n Pillud, Nicol\u00e1s S\u00e1nchez, Leandro Grimi, Germ\u00e1n Voboril, Oscar Romero, Ezequiel Videla, Luciano Aued, Marcos Acu\u00f1a; Lisandro L\u00f3pez y Diego Milito.<\/p>\n<p>Se ir\u00e1 definiendo con el correr de las horas, pero lo cierto es que Milito estar\u00e1 en la cancha. Los hinchas podr\u00e1n as\u00ed despedir a su \u00eddolo, incluso el club propuso que cada hincha imprima y lleve un cartel para \u00e9l.<\/p>\n<p>Mostaza Merlo, t\u00e9cnico campe\u00f3n con Racing, quien jam\u00e1s fue al Cilindro a ver un partido sin ser entrenador podr\u00eda llegar a ser un espectador de lujo para la despedida. &#8220;Realmente, si tengo que ser honesto, me encantar\u00eda estar. Nunca lo fui a ver si no estaba en el club, solo un Boca-Racing en Mar del Plata. Al Cilindro no fui nunca, por cosas est\u00fapidas que uno tiene en la cabeza&#8221;, cont\u00f3 en un programa de radio.<\/p>\n","protected":false},"excerpt":{"rendered":"<p>El s\u00e1bado ser\u00e1 el \u00faltimo partido del \u00eddolo de Racing. Se cree que Mostaza Merlo, ex DT campe\u00f3n en 2001, podr\u00eda ir como hincha para despedir al &#8220;Pr\u00edncipe&#8221;. Desde las 17.30 en el Cilindro de Avellanada, se vivir\u00e1 una fiesta por la desdepida de uno de los grandes \u00eddolos de Racing. Facundo Sava prepara\u00a0el equipo [&hellip;]<\/p>\n","protected":false},"author":23,"featured_media":30297,"comment_status":"closed","ping_status":"open","sticky":false,"template":"","format":"standard","meta":{"_seopress_robots_primary_cat":"","_seopress_titles_title":"","_seopress_titles_desc":"","_seopress_robots_index":"","footnotes":""},"categories":[2,16],"tags":[210,280,2890,5615,106,3689],"class_list":["post-30296","post","type-post","status-publish","format-standard","has-post-thumbnail","hentry","category-futbol","category-primera-division","tag-despedida","tag-merlo","tag-milito","tag-principe","tag-racing","tag-temperley"],"_links":{"self":[{"href":"https:\/\/www.cordobatimes.com\/deportes\/wp-json\/wp\/v2\/posts\/30296","targetHints":{"allow":["GET"]}}],"collection":[{"href":"https:\/\/www.cordobatimes.com\/deportes\/wp-json\/wp\/v2\/posts"}],"about":[{"href":"https:\/\/www.cordobatimes.com\/deportes\/wp-json\/wp\/v2\/types\/post"}],"author":[{"embeddable":true,"href":"https:\/\/www.cordobatimes.com\/deportes\/wp-json\/wp\/v2\/users\/23"}],"replies":[{"embeddable":true,"href":"https:\/\/www.cordobatimes.com\/deportes\/wp-json\/wp\/v2\/comments?post=30296"}],"version-history":[{"count":0,"href":"https:\/\/www.cordobatimes.com\/deportes\/wp-json\/wp\/v2\/posts\/30296\/revisions"}],"wp:featuredmedia":[{"embeddable":true,"href":"https:\/\/www.cordobatimes.com\/deportes\/wp-json\/wp\/v2\/media\/30297"}],"wp:attachment":[{"href":"https:\/\/www.cordobatimes.com\/deportes\/wp-json\/wp\/v2\/media?parent=30296"}],"wp:term":[{"taxonomy":"category","embeddable":true,"href":"https:\/\/www.cordobatimes.com\/deportes\/wp-json\/wp\/v2\/categories?post=30296"},{"taxonomy":"post_tag","embeddable":true,"href":"https:\/\/www.cordobatimes.com\/deportes\/wp-json\/wp\/v2\/tags?post=30296"}],"curies":[{"name":"wp","href":"https:\/\/api.w.org\/{rel}","templated":true}]}}