{"id":3024,"date":"2013-11-20T13:44:12","date_gmt":"2013-11-20T16:44:12","guid":{"rendered":"http:\/\/www.cordobatimes.com\/deportes\/?p=3024"},"modified":"2013-11-27T09:17:02","modified_gmt":"2013-11-27T12:17:02","slug":"tyson-le-devolvio-la-oreja-a-holyfield","status":"publish","type":"post","link":"https:\/\/www.cordobatimes.com\/deportes\/polideportivo\/2013\/11\/20\/tyson-le-devolvio-la-oreja-a-holyfield\/","title":{"rendered":"Tyson le devolvi\u00f3 la oreja a Holyfield"},"content":{"rendered":"<h4><a href=\"http:\/\/www.cordobatimes.com\/deportes\/wp-content\/uploads\/2013\/11\/tyson.jpg\"><img loading=\"lazy\" decoding=\"async\" class=\"alignnone size-full wp-image-3030\" alt=\"tyson\" src=\"http:\/\/www.cordobatimes.com\/deportes\/wp-content\/uploads\/2013\/11\/tyson.jpg\" width=\"745\" height=\"408\" data-id=\"3030\" srcset=\"https:\/\/www.cordobatimes.com\/deportes\/wp-content\/uploads\/2013\/11\/tyson.jpg 745w, https:\/\/www.cordobatimes.com\/deportes\/wp-content\/uploads\/2013\/11\/tyson-300x164.jpg 300w\" sizes=\"auto, (max-width: 745px) 100vw, 745px\" \/><\/a><\/h4>\n<h3 style=\"text-align: justify;\">Pasaron 16 a\u00f1os del combate que qued\u00f3 para la historia, donde Mike Tyson le mordi\u00f3 la oreja a su rival Evander Holyfield,hoy la marca Foot Lockers los uni\u00f3 nuevamente.<\/h3>\n<p>&nbsp;<\/p>\n<p style=\"text-align: justify;\">El encuentro fue para una publicidad de la marca deportiva.Todo comienza con la actuaci\u00f3n del jugador de la NBA\u00a0Kyrie Irving, de los Cleveland Cavaliers donde dice que usando ese modelo de zapatillas, &#8220;Todo va a estar bien en el mundo&#8221;.<\/p>\n<p style=\"text-align: justify;\">Es all\u00ed cuando una serie de im\u00e1genes en secuencia muestran como todos se reconcilian \u00a0entre s\u00ed. Mike Tyson va hasta la casa de Holyfield a devolverle su pedazo de oreja en una cajita \u00a0y le pide disculpas por aquel hecho. Evander responde con la expresi\u00f3n \u00a1 Mi oreja! y se funden en un abrazo.<\/p>\n<p style=\"text-align: justify;\"><strong>Mira la publicidad de Foot Lokers<\/strong><\/p>\n<p style=\"text-align: justify;\"><iframe loading=\"lazy\" src=\"\/\/www.youtube.com\/embed\/9KMUnqB_NiU\" height=\"315\" width=\"560\" allowfullscreen=\"\" frameborder=\"0\"><\/iframe><\/p>\n<p>&nbsp;<\/p>\n<p><strong><em>\u00a0Por Maria Laura Rodriguez<\/em><\/strong>\/<span style=\"color: #0000ff;\">@laurodriguez6<\/span><\/p>\n<p>&nbsp;<\/p>\n","protected":false},"excerpt":{"rendered":"<p>Pasaron 16 a\u00f1os del combate que qued\u00f3 para la historia, donde Mike Tyson le mordi\u00f3 la oreja a su rival Evander Holyfield,hoy la marca Foot Lockers los uni\u00f3 nuevamente. &nbsp; El encuentro fue para una publicidad de la marca deportiva.Todo comienza con la actuaci\u00f3n del jugador de la NBA\u00a0Kyrie Irving, de los Cleveland Cavaliers donde [&hellip;]<\/p>\n","protected":false},"author":6,"featured_media":3030,"comment_status":"open","ping_status":"open","sticky":false,"template":"","format":"standard","meta":{"_seopress_robots_primary_cat":"","_seopress_titles_title":"","_seopress_titles_desc":"","_seopress_robots_index":"","footnotes":""},"categories":[7,6],"tags":[726,727,725],"class_list":["post-3024","post","type-post","status-publish","format-standard","has-post-thumbnail","hentry","category-boxeo","category-polideportivo","tag-evander-holyfield","tag-mike-tyson","tag-publicidad-foot-lokers"],"_links":{"self":[{"href":"https:\/\/www.cordobatimes.com\/deportes\/wp-json\/wp\/v2\/posts\/3024","targetHints":{"allow":["GET"]}}],"collection":[{"href":"https:\/\/www.cordobatimes.com\/deportes\/wp-json\/wp\/v2\/posts"}],"about":[{"href":"https:\/\/www.cordobatimes.com\/deportes\/wp-json\/wp\/v2\/types\/post"}],"author":[{"embeddable":true,"href":"https:\/\/www.cordobatimes.com\/deportes\/wp-json\/wp\/v2\/users\/6"}],"replies":[{"embeddable":true,"href":"https:\/\/www.cordobatimes.com\/deportes\/wp-json\/wp\/v2\/comments?post=3024"}],"version-history":[{"count":0,"href":"https:\/\/www.cordobatimes.com\/deportes\/wp-json\/wp\/v2\/posts\/3024\/revisions"}],"wp:featuredmedia":[{"embeddable":true,"href":"https:\/\/www.cordobatimes.com\/deportes\/wp-json\/wp\/v2\/media\/3030"}],"wp:attachment":[{"href":"https:\/\/www.cordobatimes.com\/deportes\/wp-json\/wp\/v2\/media?parent=3024"}],"wp:term":[{"taxonomy":"category","embeddable":true,"href":"https:\/\/www.cordobatimes.com\/deportes\/wp-json\/wp\/v2\/categories?post=3024"},{"taxonomy":"post_tag","embeddable":true,"href":"https:\/\/www.cordobatimes.com\/deportes\/wp-json\/wp\/v2\/tags?post=3024"}],"curies":[{"name":"wp","href":"https:\/\/api.w.org\/{rel}","templated":true}]}}