{"id":30216,"date":"2016-05-09T23:46:30","date_gmt":"2016-05-10T02:46:30","guid":{"rendered":"http:\/\/www.cordobatimes.com\/deportes\/?p=30216"},"modified":"2016-05-09T23:46:30","modified_gmt":"2016-05-10T02:46:30","slug":"pellegrino-no-seguira-siendo-el-director-tecnico-de-independiente","status":"publish","type":"post","link":"https:\/\/www.cordobatimes.com\/deportes\/futbol\/2016\/05\/09\/pellegrino-no-seguira-siendo-el-director-tecnico-de-independiente\/","title":{"rendered":"Pellegrino no seguir\u00e1 siendo el Director T\u00e9cnico de Independiente"},"content":{"rendered":"<p><strong><img loading=\"lazy\" decoding=\"async\" class=\"alignnone  wp-image-30218\" src=\"http:\/\/www.cordobatimes.com\/deportes\/wp-content\/uploads\/2016\/05\/PELLEGRINO-300x200.jpg\" alt=\"PELLEGRINO\" width=\"579\" height=\"386\" data-id=\"30218\" srcset=\"https:\/\/www.cordobatimes.com\/deportes\/wp-content\/uploads\/2016\/05\/PELLEGRINO-300x200.jpg 300w, https:\/\/www.cordobatimes.com\/deportes\/wp-content\/uploads\/2016\/05\/PELLEGRINO-177x118.jpg 177w, https:\/\/www.cordobatimes.com\/deportes\/wp-content\/uploads\/2016\/05\/PELLEGRINO.jpg 600w\" sizes=\"auto, (max-width: 579px) 100vw, 579px\" \/><\/strong><\/p>\n<p><strong>El vicepresidente segundo de Independiente,\u00a0Carlos Monta\u00f1a, afirm\u00f3 que &#8220;no se han cumplido los objetivos&#8221; y que ma\u00f1ana le comunicar\u00e1n la decisi\u00f3n tomada por la Comisi\u00f3n Directiva.<\/strong><\/p>\n<p class=\"capital\">&#8220;Ma\u00f1ana le comunicaremos la decisi\u00f3n al cuerpo t\u00e9cnico. Tenemos un gran respeto por Mauricio Pellegrino y por su equipo de trabajo, y queremos que \u00e9l la conozca primero&#8221;, explic\u00f3 Monta\u00f1a.<\/p>\n<p>Adem\u00e1s, agreg\u00f3: &#8220;Las decisiones que tratamos de tomar nosotros creemos que son la mejores, como lo venimos haciendo para esta gesti\u00f3n&#8221;.<\/p>\n<p>Por \u00faltimo, explic\u00f3 que no se han cumplido los objetivos acerca del rendimiento que ha tenido el cuerpo t\u00e9cnico. Y concluy\u00f3: &#8220;Despu\u00e9s de lo que pase ma\u00f1ana, veremos c\u00f3mo seguimos&#8221;.<\/p>\n<p>&nbsp;<\/p>\n","protected":false},"excerpt":{"rendered":"<p>El vicepresidente segundo de Independiente,\u00a0Carlos Monta\u00f1a, afirm\u00f3 que &#8220;no se han cumplido los objetivos&#8221; y que ma\u00f1ana le comunicar\u00e1n la decisi\u00f3n tomada por la Comisi\u00f3n Directiva. &#8220;Ma\u00f1ana le comunicaremos la decisi\u00f3n al cuerpo t\u00e9cnico. Tenemos un gran respeto por Mauricio Pellegrino y por su equipo de trabajo, y queremos que \u00e9l la conozca primero&#8221;, explic\u00f3 [&hellip;]<\/p>\n","protected":false},"author":23,"featured_media":30218,"comment_status":"closed","ping_status":"open","sticky":false,"template":"","format":"standard","meta":{"_seopress_robots_primary_cat":"","_seopress_titles_title":"","_seopress_titles_desc":"","_seopress_robots_index":"","footnotes":""},"categories":[2,16],"tags":[65,2540],"class_list":["post-30216","post","type-post","status-publish","format-standard","has-post-thumbnail","hentry","category-futbol","category-primera-division","tag-independiente","tag-pellegrino"],"_links":{"self":[{"href":"https:\/\/www.cordobatimes.com\/deportes\/wp-json\/wp\/v2\/posts\/30216","targetHints":{"allow":["GET"]}}],"collection":[{"href":"https:\/\/www.cordobatimes.com\/deportes\/wp-json\/wp\/v2\/posts"}],"about":[{"href":"https:\/\/www.cordobatimes.com\/deportes\/wp-json\/wp\/v2\/types\/post"}],"author":[{"embeddable":true,"href":"https:\/\/www.cordobatimes.com\/deportes\/wp-json\/wp\/v2\/users\/23"}],"replies":[{"embeddable":true,"href":"https:\/\/www.cordobatimes.com\/deportes\/wp-json\/wp\/v2\/comments?post=30216"}],"version-history":[{"count":0,"href":"https:\/\/www.cordobatimes.com\/deportes\/wp-json\/wp\/v2\/posts\/30216\/revisions"}],"wp:featuredmedia":[{"embeddable":true,"href":"https:\/\/www.cordobatimes.com\/deportes\/wp-json\/wp\/v2\/media\/30218"}],"wp:attachment":[{"href":"https:\/\/www.cordobatimes.com\/deportes\/wp-json\/wp\/v2\/media?parent=30216"}],"wp:term":[{"taxonomy":"category","embeddable":true,"href":"https:\/\/www.cordobatimes.com\/deportes\/wp-json\/wp\/v2\/categories?post=30216"},{"taxonomy":"post_tag","embeddable":true,"href":"https:\/\/www.cordobatimes.com\/deportes\/wp-json\/wp\/v2\/tags?post=30216"}],"curies":[{"name":"wp","href":"https:\/\/api.w.org\/{rel}","templated":true}]}}