{"id":30134,"date":"2016-04-04T12:41:08","date_gmt":"2016-04-04T15:41:08","guid":{"rendered":"http:\/\/www.cordobatimes.com\/deportes\/?p=30134"},"modified":"2016-04-04T12:41:08","modified_gmt":"2016-04-04T15:41:08","slug":"resumen-de-lo-que-dejo-el-top-race-en-nueve-de-julio","status":"publish","type":"post","link":"https:\/\/www.cordobatimes.com\/deportes\/automovilismo\/2016\/04\/04\/resumen-de-lo-que-dejo-el-top-race-en-nueve-de-julio\/","title":{"rendered":"Resumen de lo que dej\u00f3 el Top Race en Nueve de Julio"},"content":{"rendered":"<p class=\"summary\"><strong><a href=\"http:\/\/www.cordobatimes.com\/deportes\/wp-content\/uploads\/2016\/04\/top-race.jpg\" rel=\"attachment wp-att-30135\"><img loading=\"lazy\" decoding=\"async\" class=\"alignnone wp-image-30135\" src=\"http:\/\/www.cordobatimes.com\/deportes\/wp-content\/uploads\/2016\/04\/top-race-1024x317.jpg\" alt=\"top race\" width=\"844\" height=\"261\" data-id=\"30135\" srcset=\"https:\/\/www.cordobatimes.com\/deportes\/wp-content\/uploads\/2016\/04\/top-race-1024x317.jpg 1024w, https:\/\/www.cordobatimes.com\/deportes\/wp-content\/uploads\/2016\/04\/top-race-300x93.jpg 300w, https:\/\/www.cordobatimes.com\/deportes\/wp-content\/uploads\/2016\/04\/top-race-768x238.jpg 768w, https:\/\/www.cordobatimes.com\/deportes\/wp-content\/uploads\/2016\/04\/top-race.jpg 2000w\" sizes=\"auto, (max-width: 844px) 100vw, 844px\" \/><\/a><\/strong><\/p>\n<p class=\"summary\"><strong>La segunda fecha gener\u00f3 tela para cortar. Franco Girolami y Mariano Altuna fueron los ganadores de carreras que dejaron temas para analizar.<\/strong><\/p>\n<div class=\"body\">\n<p>El Top Race cumpli\u00f3 su segunda fecha del calendario y pas\u00f3 un fin de semana con alteraciones debido a las inclemencias del clima y al estado de la pista. Con formato de dos carreras se vieron dos buenos espect\u00e1culos dentro de lo permitido por dichas condiciones. Hubo trabajos para destacar, curiosidades, altibajos y buen marco de p\u00fablico para acompa\u00f1ar a la categor\u00eda. Ac\u00e1 el resumen de Carburando:<\/p>\n<p class=\"ecxMsoNormal\"><strong>De menor a mayor:<\/strong> As\u00ed fue el trabajo de Mariano Altuna que termin\u00f3 s\u00e9ptimo en la carrera de la ma\u00f1ana y gan\u00f3 la del mediod\u00eda.<\/p>\n<p class=\"ecxMsoNormal\"><strong>Una de cal, una de arena:<\/strong> El domingo de Franco Girolami tuvo alegr\u00eda y bronca. El de Isla Verde se qued\u00f3 con la primera carrera y abandon\u00f3 en el inicio de la segunda. Tiene un gran auto.<\/p>\n<p class=\"ecxMsoNormal\"><strong>Se afianz\u00f3:<\/strong> El equipo DM Team tuvo un gran fin de semana. Gan\u00f3 con Gast\u00f3n Billeres en Top Race Series y termin\u00f3 segundo con Josito Di Palma en el V6. Con ambos est\u00e1 para dar pelea.<\/p>\n<p class=\"ecxMsoNormal\"><strong>Honestidad:<\/strong> Fue la que tuvo el equipo de Regalia cuando vimos despistar su auto por un toque de Azar. R\u00e1pidamente Henry Martin aclar\u00f3: \u201cEl toque se da porque se par\u00f3 el motor de nuestro auto. Diego no es culpable\u201d.<\/p>\n<p class=\"ecxMsoNormal\"><strong>Mucho mejor: <\/strong>As\u00ed fue el fin de semana de Facundo Regalia que lleg\u00f3 sexto en la primera carrera, y ven\u00eda pelando con Agust\u00edn Canapino y Mat\u00edas Rodriguez \u00a0en la segunda hasta que se detuvo el motor.<\/p>\n<p class=\"ecxMsoNormal\"><strong>Recuperaci\u00f3n:<\/strong> Es la que se not\u00f3 en el auto de Gustavo Tadei. El de Salto lleg\u00f3 octavo en la primera carrera y tercero en la segunda.<\/p>\n<p class=\"ecxMsoNormal\"><strong>La preocupaci\u00f3n:<\/strong> Es la que gener\u00f3 el estado de la pista. Complic\u00f3 mucho y los pilotos se quejaron, con raz\u00f3n, por la problem\u00e1tica que origin\u00f3.<\/p>\n<p class=\"ecxMsoNormal\"><strong>La regularidad:<\/strong> Es la que est\u00e1 demostrando Diego Azar con su auto. Lleg\u00f3 cuarto y quinto respectivamente y est\u00e1 puntero del campeonato.<\/p>\n<p class=\"ecxMsoNormal\"><strong>La remontada:<\/strong> Fue la de Agust\u00edn Canapino en la segunda carrera. Largando desde el fondo se las arregl\u00f3 para llegar cuarto. Comparte la punta del torneo con Azar.<\/p>\n<p class=\"ecxMsoNormal\"><strong>Destacado:<\/strong> El trabajo de Gonzalo Perlo en la primera carrera donde arrib\u00f3 quinto.<\/p>\n<p class=\"ecxMsoNormal\"><strong>La maniobra:<\/strong> La de Josito Di Palma en la largada de la segunda carrera contra Humberto Krujoski. Muy bien los dos respetandose.<\/p>\n<p><iframe loading=\"lazy\" src=\"https:\/\/www.youtube.com\/embed\/erKiWSTriHQ\" width=\"560\" height=\"315\" frameborder=\"0\" allowfullscreen=\"allowfullscreen\"><\/iframe><\/p>\n<\/div>\n","protected":false},"excerpt":{"rendered":"<p>La segunda fecha gener\u00f3 tela para cortar. Franco Girolami y Mariano Altuna fueron los ganadores de carreras que dejaron temas para analizar. El Top Race cumpli\u00f3 su segunda fecha del calendario y pas\u00f3 un fin de semana con alteraciones debido a las inclemencias del clima y al estado de la pista. Con formato de dos [&hellip;]<\/p>\n","protected":false},"author":1,"featured_media":30135,"comment_status":"closed","ping_status":"open","sticky":false,"template":"","format":"video","meta":{"_seopress_robots_primary_cat":"","_seopress_titles_title":"","_seopress_titles_desc":"","_seopress_robots_index":"","footnotes":""},"categories":[1,15],"tags":[5409,3185,5568,80],"class_list":["post-30134","post","type-post","status-publish","format-video","has-post-thumbnail","hentry","category-automovilismo","category-top-race","tag-9-de-julio","tag-resumen","tag-top-race","tag-video","post_format-post-format-video"],"_links":{"self":[{"href":"https:\/\/www.cordobatimes.com\/deportes\/wp-json\/wp\/v2\/posts\/30134","targetHints":{"allow":["GET"]}}],"collection":[{"href":"https:\/\/www.cordobatimes.com\/deportes\/wp-json\/wp\/v2\/posts"}],"about":[{"href":"https:\/\/www.cordobatimes.com\/deportes\/wp-json\/wp\/v2\/types\/post"}],"author":[{"embeddable":true,"href":"https:\/\/www.cordobatimes.com\/deportes\/wp-json\/wp\/v2\/users\/1"}],"replies":[{"embeddable":true,"href":"https:\/\/www.cordobatimes.com\/deportes\/wp-json\/wp\/v2\/comments?post=30134"}],"version-history":[{"count":0,"href":"https:\/\/www.cordobatimes.com\/deportes\/wp-json\/wp\/v2\/posts\/30134\/revisions"}],"wp:featuredmedia":[{"embeddable":true,"href":"https:\/\/www.cordobatimes.com\/deportes\/wp-json\/wp\/v2\/media\/30135"}],"wp:attachment":[{"href":"https:\/\/www.cordobatimes.com\/deportes\/wp-json\/wp\/v2\/media?parent=30134"}],"wp:term":[{"taxonomy":"category","embeddable":true,"href":"https:\/\/www.cordobatimes.com\/deportes\/wp-json\/wp\/v2\/categories?post=30134"},{"taxonomy":"post_tag","embeddable":true,"href":"https:\/\/www.cordobatimes.com\/deportes\/wp-json\/wp\/v2\/tags?post=30134"}],"curies":[{"name":"wp","href":"https:\/\/api.w.org\/{rel}","templated":true}]}}