{"id":30125,"date":"2016-04-03T15:23:50","date_gmt":"2016-04-03T18:23:50","guid":{"rendered":"http:\/\/www.cordobatimes.com\/deportes\/?p=30125"},"modified":"2016-04-04T12:27:04","modified_gmt":"2016-04-04T15:27:04","slug":"pechito-lopez-tuvo-un-gran-arranque-en-la-wtcc","status":"publish","type":"post","link":"https:\/\/www.cordobatimes.com\/deportes\/automovilismo\/2016\/04\/03\/pechito-lopez-tuvo-un-gran-arranque-en-la-wtcc\/","title":{"rendered":"Pechito L\u00f3pez tuvo un gran arranque en la WTCC"},"content":{"rendered":"<p><a href=\"http:\/\/www.cordobatimes.com\/deportes\/wp-content\/uploads\/2016\/04\/pechito-lopez.png\" rel=\"attachment wp-att-30127\"><img loading=\"lazy\" decoding=\"async\" class=\"alignnone size-full wp-image-30127\" src=\"http:\/\/www.cordobatimes.com\/deportes\/wp-content\/uploads\/2016\/04\/pechito-lopez.png\" alt=\"pechito lopez\" width=\"733\" height=\"409\" data-id=\"30127\" srcset=\"https:\/\/www.cordobatimes.com\/deportes\/wp-content\/uploads\/2016\/04\/pechito-lopez.png 733w, https:\/\/www.cordobatimes.com\/deportes\/wp-content\/uploads\/2016\/04\/pechito-lopez-300x167.png 300w\" sizes=\"auto, (max-width: 733px) 100vw, 733px\" \/><\/a><\/p>\n<p><strong>El piloto cordob\u00e9s de Citroen gan\u00f3 una carrera y fue sexto en la otra durante la fecha inaugural del Campeonato Mundial de Autos de Turismo, disputada en Francia.<\/strong><\/p>\n<p class=\"capital\">El argentino Jos\u00e9 Mar\u00eda \u2018Pechito\u2019 L\u00f3pez, con un Citroen oficial, se impuso este domingo\u00a0en una carrera y result\u00f3 sexto en la restante de la doble fecha inaugural de la temporada 2016 del Campeonato Mundial de Autos de Turismo (WTCC), que se desarroll\u00f3 en el trazado franc\u00e9s de Paul Ricard.<\/p>\n<p>El piloto cordob\u00e9s, bicampe\u00f3n vigente en la categor\u00eda, gan\u00f3 la segunda competencia, a 17 vueltas, con 284 mil\u00e9simas de ventaja sobre el portugu\u00e9s Thiago Monteiro (Honda), quien result\u00f3 segundo.<\/p>\n<p>La tercera colocaci\u00f3n qued\u00f3 en manos del h\u00fangaro Norbert Michelisz (Honda), mientras que cuarto se clasific\u00f3 el franc\u00e9s Yvan Muller (Citroen), compa\u00f1ero de equipo del argentino.<\/p>\n<p>L\u00f3pez, quien hab\u00eda logrado la pole position en la clasificaci\u00f3n del s\u00e1bado, domin\u00f3 en la segunda competencia, a pesar de que larg\u00f3 con un lastre de 80 kilos en su autom\u00f3vil.<\/p>\n<p>El oriundo de R\u00edo Tercero, en tanto, hab\u00eda finalizado sexto en la primera carrera, que fue ganada por el brit\u00e1nico Robert Huff (Honda).<\/p>\n<p><iframe loading=\"lazy\" src=\"https:\/\/www.youtube.com\/embed\/cnRxlsVop-M\" width=\"560\" height=\"315\" frameborder=\"0\" allowfullscreen=\"allowfullscreen\"><\/iframe><\/p>\n<p>Fuente: T\u00e9lam<\/p>\n","protected":false},"excerpt":{"rendered":"<p>El piloto cordob\u00e9s de Citroen gan\u00f3 una carrera y fue sexto en la otra durante la fecha inaugural del Campeonato Mundial de Autos de Turismo, disputada en Francia. El argentino Jos\u00e9 Mar\u00eda \u2018Pechito\u2019 L\u00f3pez, con un Citroen oficial, se impuso este domingo\u00a0en una carrera y result\u00f3 sexto en la restante de la doble fecha inaugural [&hellip;]<\/p>\n","protected":false},"author":1,"featured_media":30126,"comment_status":"closed","ping_status":"open","sticky":false,"template":"","format":"video","meta":{"_seopress_robots_primary_cat":"","_seopress_titles_title":"","_seopress_titles_desc":"","_seopress_robots_index":"","footnotes":""},"categories":[1],"tags":[366,287,5580],"class_list":["post-30125","post","type-post","status-publish","format-video","has-post-thumbnail","hentry","category-automovilismo","tag-francia","tag-pechito-lopez","tag-wwtc","post_format-post-format-video"],"_links":{"self":[{"href":"https:\/\/www.cordobatimes.com\/deportes\/wp-json\/wp\/v2\/posts\/30125","targetHints":{"allow":["GET"]}}],"collection":[{"href":"https:\/\/www.cordobatimes.com\/deportes\/wp-json\/wp\/v2\/posts"}],"about":[{"href":"https:\/\/www.cordobatimes.com\/deportes\/wp-json\/wp\/v2\/types\/post"}],"author":[{"embeddable":true,"href":"https:\/\/www.cordobatimes.com\/deportes\/wp-json\/wp\/v2\/users\/1"}],"replies":[{"embeddable":true,"href":"https:\/\/www.cordobatimes.com\/deportes\/wp-json\/wp\/v2\/comments?post=30125"}],"version-history":[{"count":0,"href":"https:\/\/www.cordobatimes.com\/deportes\/wp-json\/wp\/v2\/posts\/30125\/revisions"}],"wp:featuredmedia":[{"embeddable":true,"href":"https:\/\/www.cordobatimes.com\/deportes\/wp-json\/wp\/v2\/media\/30126"}],"wp:attachment":[{"href":"https:\/\/www.cordobatimes.com\/deportes\/wp-json\/wp\/v2\/media?parent=30125"}],"wp:term":[{"taxonomy":"category","embeddable":true,"href":"https:\/\/www.cordobatimes.com\/deportes\/wp-json\/wp\/v2\/categories?post=30125"},{"taxonomy":"post_tag","embeddable":true,"href":"https:\/\/www.cordobatimes.com\/deportes\/wp-json\/wp\/v2\/tags?post=30125"}],"curies":[{"name":"wp","href":"https:\/\/api.w.org\/{rel}","templated":true}]}}