{"id":30081,"date":"2016-03-31T18:54:34","date_gmt":"2016-03-31T21:54:34","guid":{"rendered":"http:\/\/www.cordobatimes.com\/deportes\/?p=30081"},"modified":"2016-03-31T19:09:01","modified_gmt":"2016-03-31T22:09:01","slug":"esta-sera-la-nueva-camiseta-que-racing-presentara-el-sabado-ante-tigre","status":"publish","type":"post","link":"https:\/\/www.cordobatimes.com\/deportes\/futbol\/2016\/03\/31\/esta-sera-la-nueva-camiseta-que-racing-presentara-el-sabado-ante-tigre\/","title":{"rendered":"Esta ser\u00e1 la nueva camiseta que Racing presentar\u00e1 el s\u00e1bado ante Tigre"},"content":{"rendered":"<div id='gallery-1' class='gallery galleryid-30081 gallery-columns-2 gallery-size-large'><figure class='gallery-item'>\n\t\t\t<div class='gallery-icon landscape'>\n\t\t\t\t<a href='https:\/\/www.cordobatimes.com\/deportes\/wp-content\/uploads\/2016\/03\/torneo-transicion-2180388w943.jpg'><img loading=\"lazy\" decoding=\"async\" width=\"696\" height=\"464\" src=\"https:\/\/www.cordobatimes.com\/deportes\/wp-content\/uploads\/2016\/03\/torneo-transicion-2180388w943.jpg\" class=\"attachment-large size-large\" alt=\"\" srcset=\"https:\/\/www.cordobatimes.com\/deportes\/wp-content\/uploads\/2016\/03\/torneo-transicion-2180388w943.jpg 943w, https:\/\/www.cordobatimes.com\/deportes\/wp-content\/uploads\/2016\/03\/torneo-transicion-2180388w943-300x200.jpg 300w, https:\/\/www.cordobatimes.com\/deportes\/wp-content\/uploads\/2016\/03\/torneo-transicion-2180388w943-768x511.jpg 768w, https:\/\/www.cordobatimes.com\/deportes\/wp-content\/uploads\/2016\/03\/torneo-transicion-2180388w943-177x118.jpg 177w\" sizes=\"auto, (max-width: 696px) 100vw, 696px\" \/><\/a>\n\t\t\t<\/div><\/figure><figure class='gallery-item'>\n\t\t\t<div class='gallery-icon landscape'>\n\t\t\t\t<a href='https:\/\/www.cordobatimes.com\/deportes\/wp-content\/uploads\/2016\/03\/torneo-transicion-2180389.jpg'><img loading=\"lazy\" decoding=\"async\" width=\"696\" height=\"464\" src=\"https:\/\/www.cordobatimes.com\/deportes\/wp-content\/uploads\/2016\/03\/torneo-transicion-2180389.jpg\" class=\"attachment-large size-large\" alt=\"\" srcset=\"https:\/\/www.cordobatimes.com\/deportes\/wp-content\/uploads\/2016\/03\/torneo-transicion-2180389.jpg 960w, https:\/\/www.cordobatimes.com\/deportes\/wp-content\/uploads\/2016\/03\/torneo-transicion-2180389-300x200.jpg 300w, https:\/\/www.cordobatimes.com\/deportes\/wp-content\/uploads\/2016\/03\/torneo-transicion-2180389-768x512.jpg 768w, https:\/\/www.cordobatimes.com\/deportes\/wp-content\/uploads\/2016\/03\/torneo-transicion-2180389-177x118.jpg 177w\" sizes=\"auto, (max-width: 696px) 100vw, 696px\" \/><\/a>\n\t\t\t<\/div><\/figure>\n\t\t<\/div>\n\n<p><strong>La Academia estrenar\u00e1 indumentaria en el duelo que tendr\u00e1 ante el Matador en Avellaneda.<\/strong><\/p>\n<p class=\"primero\">Este s\u00e1bado, ante Tigre, Racing lucir\u00e1 casaca nueva. La camiseta presenta las tradicionales\u00a0bandas celestes y blancas con detalles en cuello y laterales en azul marino. A su vez, centrado en el pecho se encuentra aplicado en bajo relieve el monograma con las siglas RC, primer emblema de la historia del club. Sumado a esto, en el interior del cuello se observa la frase que identifica a Racing Club: &#8220;El primer grande&#8221;.<\/p>\n<p>Los posibles titulares para el partido del s\u00e1bado son: Sebasti\u00e1n Saja; Iv\u00e1n Pillud, Sergio Vittor, Nicol\u00e1s S\u00e1nchez y Leandro Grimi; Ricardo Noir, Francisco Cerro, Luciano Aued y Marcos Acu\u00f1a; Lisandro L\u00f3pez y Diego Milito.<\/p>\n<p>&nbsp;<\/p>\n","protected":false},"excerpt":{"rendered":"<p>La Academia estrenar\u00e1 indumentaria en el duelo que tendr\u00e1 ante el Matador en Avellaneda. Este s\u00e1bado, ante Tigre, Racing lucir\u00e1 casaca nueva. La camiseta presenta las tradicionales\u00a0bandas celestes y blancas con detalles en cuello y laterales en azul marino. A su vez, centrado en el pecho se encuentra aplicado en bajo relieve el monograma con [&hellip;]<\/p>\n","protected":false},"author":1,"featured_media":30082,"comment_status":"closed","ping_status":"open","sticky":false,"template":"","format":"standard","meta":{"_seopress_robots_primary_cat":"","_seopress_titles_title":"","_seopress_titles_desc":"","_seopress_robots_index":"","footnotes":""},"categories":[2,16],"tags":[5574,283,1830,106,5575],"class_list":["post-30081","post","type-post","status-publish","format-standard","has-post-thumbnail","hentry","category-futbol","category-primera-division","tag-5574","tag-fotos","tag-nueva-camiseta","tag-racing","tag-torneo-afa"],"_links":{"self":[{"href":"https:\/\/www.cordobatimes.com\/deportes\/wp-json\/wp\/v2\/posts\/30081","targetHints":{"allow":["GET"]}}],"collection":[{"href":"https:\/\/www.cordobatimes.com\/deportes\/wp-json\/wp\/v2\/posts"}],"about":[{"href":"https:\/\/www.cordobatimes.com\/deportes\/wp-json\/wp\/v2\/types\/post"}],"author":[{"embeddable":true,"href":"https:\/\/www.cordobatimes.com\/deportes\/wp-json\/wp\/v2\/users\/1"}],"replies":[{"embeddable":true,"href":"https:\/\/www.cordobatimes.com\/deportes\/wp-json\/wp\/v2\/comments?post=30081"}],"version-history":[{"count":0,"href":"https:\/\/www.cordobatimes.com\/deportes\/wp-json\/wp\/v2\/posts\/30081\/revisions"}],"wp:featuredmedia":[{"embeddable":true,"href":"https:\/\/www.cordobatimes.com\/deportes\/wp-json\/wp\/v2\/media\/30082"}],"wp:attachment":[{"href":"https:\/\/www.cordobatimes.com\/deportes\/wp-json\/wp\/v2\/media?parent=30081"}],"wp:term":[{"taxonomy":"category","embeddable":true,"href":"https:\/\/www.cordobatimes.com\/deportes\/wp-json\/wp\/v2\/categories?post=30081"},{"taxonomy":"post_tag","embeddable":true,"href":"https:\/\/www.cordobatimes.com\/deportes\/wp-json\/wp\/v2\/tags?post=30081"}],"curies":[{"name":"wp","href":"https:\/\/api.w.org\/{rel}","templated":true}]}}