{"id":2998,"date":"2013-11-20T11:54:20","date_gmt":"2013-11-20T14:54:20","guid":{"rendered":"http:\/\/www.cordobatimes.com\/deportes\/?p=2998"},"modified":"2021-08-31T11:18:18","modified_gmt":"2021-08-31T14:18:18","slug":"messi-recibio-su-tercer-botin-de-oro","status":"publish","type":"post","link":"https:\/\/www.cordobatimes.com\/deportes\/futbol-internacional\/2013\/11\/20\/messi-recibio-su-tercer-botin-de-oro\/","title":{"rendered":"Messi recibi\u00f3 su tercer Bot\u00edn de Oro"},"content":{"rendered":"<h3 style=\"text-align: justify;\"><strong>El argentino\u00a0fue premiado por ser el m\u00e1ximo goleador de las Ligas Europeas durante la temporada 2012-2013, en la cual marc\u00f3 46 tantos. Participaron de la ceremonia Gerardo Martino y algunos compa\u00f1eros de la entidad Cul\u00e9.<\/strong><\/h3>\n<p style=\"text-align: justify;\">Leo Messi sum\u00f3 un nuevo galard\u00f3n, en este caso el que reconoce al jugador que m\u00e1s goles anota en un a\u00f1o completo dentro del calendario europeo. La distinci\u00f3n es entregada por el diario deportivo Marca de Espa\u00f1a. Este fue la tercera vez que el mejor jugador del mundo se lo lleva.<\/p>\n<p style=\"text-align: justify;\">&#8220;Se lo dedico a mi familia y a toda la gente que me quiere. Esto es un reconocimiento al vestuario, que todo el a\u00f1o hizo un gran trabajo para el equipo&#8221;, declar\u00f3 ante la atenta mirada de Carles Puyol, Jordi Alba, Xavi Hern\u00e1ndez y Gerard Piqu\u00e9, entre otros. A su vez, el Tata Martino tambi\u00e9n acompa\u00f1\u00f3 a su mejor futbolista.<\/p>\n<p style=\"text-align: justify;\">El rosarino, ganador de los \u00faltimos cuatro &#8220;Bal\u00f3n de Oro FIFA&#8221;, fue el m\u00e1ximo anotador de ligas europeas en 2012-13 con 46 goles, por delante de Cristiano Ronaldo (34), el uruguayo Edinson Cavani (29), el colombiano Radamel Falcao (28) y el holand\u00e9s Robin Van Persie (26).<\/p>\n<p style=\"text-align: justify;\"><strong>Por Mart\u00edn Velasco | <a href=\"https:\/\/twitter.com\/Tinkavelasco\"><span style=\"color: #0000ff;\">@tinkavelasco<\/span><\/a><\/strong><\/p>\n","protected":false},"excerpt":{"rendered":"<p>El argentino\u00a0fue premiado por ser el m\u00e1ximo goleador de las Ligas Europeas durante la temporada 2012-2013, en la cual marc\u00f3 46 tantos. Participaron de la ceremonia Gerardo Martino y algunos compa\u00f1eros de la entidad Cul\u00e9. Leo Messi sum\u00f3 un nuevo galard\u00f3n, en este caso el que reconoce al jugador que m\u00e1s goles anota en un [&hellip;]<\/p>\n","protected":false},"author":2,"featured_media":2999,"comment_status":"open","ping_status":"open","sticky":false,"template":"","format":"standard","meta":{"_seopress_robots_primary_cat":"none","_seopress_titles_title":"","_seopress_titles_desc":"","_seopress_robots_index":"","footnotes":""},"categories":[18],"tags":[67,710,711,88],"class_list":["post-2998","post","type-post","status-publish","format-standard","has-post-thumbnail","hentry","category-futbol-internacional","tag-barcelona","tag-botin-de-oro","tag-diario-marca","tag-messi"],"_links":{"self":[{"href":"https:\/\/www.cordobatimes.com\/deportes\/wp-json\/wp\/v2\/posts\/2998","targetHints":{"allow":["GET"]}}],"collection":[{"href":"https:\/\/www.cordobatimes.com\/deportes\/wp-json\/wp\/v2\/posts"}],"about":[{"href":"https:\/\/www.cordobatimes.com\/deportes\/wp-json\/wp\/v2\/types\/post"}],"author":[{"embeddable":true,"href":"https:\/\/www.cordobatimes.com\/deportes\/wp-json\/wp\/v2\/users\/2"}],"replies":[{"embeddable":true,"href":"https:\/\/www.cordobatimes.com\/deportes\/wp-json\/wp\/v2\/comments?post=2998"}],"version-history":[{"count":0,"href":"https:\/\/www.cordobatimes.com\/deportes\/wp-json\/wp\/v2\/posts\/2998\/revisions"}],"wp:featuredmedia":[{"embeddable":true,"href":"https:\/\/www.cordobatimes.com\/deportes\/wp-json\/wp\/v2\/media\/2999"}],"wp:attachment":[{"href":"https:\/\/www.cordobatimes.com\/deportes\/wp-json\/wp\/v2\/media?parent=2998"}],"wp:term":[{"taxonomy":"category","embeddable":true,"href":"https:\/\/www.cordobatimes.com\/deportes\/wp-json\/wp\/v2\/categories?post=2998"},{"taxonomy":"post_tag","embeddable":true,"href":"https:\/\/www.cordobatimes.com\/deportes\/wp-json\/wp\/v2\/tags?post=2998"}],"curies":[{"name":"wp","href":"https:\/\/api.w.org\/{rel}","templated":true}]}}