{"id":29940,"date":"2015-07-29T10:19:23","date_gmt":"2015-07-29T13:19:23","guid":{"rendered":"http:\/\/www.cordobatimes.com\/deportes\/?p=29940"},"modified":"2015-07-29T10:19:23","modified_gmt":"2015-07-29T13:19:23","slug":"river-visita-a-tigres-por-la-final-de-la-copa-libertadores","status":"publish","type":"post","link":"https:\/\/www.cordobatimes.com\/deportes\/futbol\/2015\/07\/29\/river-visita-a-tigres-por-la-final-de-la-copa-libertadores\/","title":{"rendered":"River visita a Tigres por la final de la Copa Libertadores"},"content":{"rendered":"<h3 style=\"text-align: justify;\"><a href=\"http:\/\/www.cordobatimes.com\/deportes\/wp-content\/uploads\/2015\/07\/River.jpg\"><img loading=\"lazy\" decoding=\"async\" class=\" size-full wp-image-29941 aligncenter\" src=\"http:\/\/www.cordobatimes.com\/deportes\/wp-content\/uploads\/2015\/07\/River.jpg\" alt=\"River\" width=\"960\" height=\"640\" data-id=\"29941\" srcset=\"https:\/\/www.cordobatimes.com\/deportes\/wp-content\/uploads\/2015\/07\/River.jpg 960w, https:\/\/www.cordobatimes.com\/deportes\/wp-content\/uploads\/2015\/07\/River-300x200.jpg 300w\" sizes=\"auto, (max-width: 960px) 100vw, 960px\" \/><\/a><br \/>\nEl conjunto de Marcelo Gallardo, que volver\u00e1 a disputar una definici\u00f3n tras 19 a\u00f1os, juega en M\u00e9xico buscando dar el primer paso. Comenzar\u00e1 a las 22.<\/h3>\n<p style=\"text-align: justify;\">\n<p style=\"text-align: justify;\">\n<p style=\"text-align: justify;\">River disputar\u00e1 esta noche, a partir de las 22, la primera final de la Copa Libertadores de Am\u00e9rica cuando a visite a Tigres de Monterrey en M\u00e9xico. El conjunto de N\u00fa\u00f1ez volver\u00e1 a una definici\u00f3n luego de 19 a\u00f1os.<\/p>\n<p style=\"text-align: justify;\">El choque se desarrollar\u00e1 en el estadio Universitario de Nueva Le\u00f3n, con el arbitraje del internacional paraguayo Antonio Arias. Este ser\u00e1 secundado por sus compatriotas Eduardo Cardozo y Juan Zorrilla como jueces de l\u00ednea. La revancha se jugar\u00e1 en el Monumental el mi\u00e9rcoles 5 de agosto.<\/p>\n<p style=\"text-align: justify;\">Recordemos que el reglamento de la Confederaci\u00f3n Sudamericana (Conmebol) establece que no se tendr\u00e1 en cuenta el doble valor del gol en condici\u00f3n de visitante. Por esa raz\u00f3n, si al cabo del segundo partido, no hay diferencias y se mantiene la paridad, se disputar\u00e1n 30 minutos de suplementario y, en caso de persistir la paridad, el campe\u00f3n ser\u00e1 resuelto a trav\u00e9s de la ejecuci\u00f3n de tiros penales.<\/p>\n<p style=\"text-align: justify;\">Las finales se jugar\u00e1n sin p\u00fablico visitante, porque los presidentes de ambas instituciones, Alejandro Rodr\u00edguez y Rodolfo D\u00b4Onofrio, respectivamente, decidieron darles prioridad a sus socios abonados que agotaron las capacidades de ambos estadios.<\/p>\n<p style=\"text-align: justify;\">La \u00fanica duda el Mu\u00f1eco es en el sector izquierdo de la cancha, donde el DT aun no confirm\u00f3 si jugar\u00e1 el &#8220;Pity&#8221; Mart\u00ednez, de gran partido ante Col\u00f3n, o el uruguayo Tabar\u00e9 Viudez, quien parecer\u00eda contar con una luz de ventaja frente al ex Hurac\u00e1n.<\/p>\n<p style=\"text-align: justify;\">Sea cual sea el resultado, River ya est\u00e1 clasificado para el Mundial de Clubes en Jap\u00f3n, ya que los equipos mexicanos participan como invitados en esta Copa Libertadores y eso le liber\u00f3 el cupo al conjunto Millonario.<\/p>\n<p style=\"text-align: justify;\"><strong>FORMACIONES:<\/strong><\/p>\n<div class=\"articleBody\">\n<p><iframe loading=\"lazy\" src=\"http:\/\/estadisticas-deportes.tycsports.com\/html\/v3\/index.html?channel=deportes.futbol.libertadores.217446&amp;lang=es_LA&amp;module=lineUpFull\" width=\"100%\" height=\"500\" scrolling=\"auto\"><\/iframe><\/p>\n<\/div>\n<div>\n<div class=\"boxNota tags\">\n<h3><\/h3>\n<\/div>\n<\/div>\n<p style=\"text-align: justify;\">\n","protected":false},"excerpt":{"rendered":"<p>El conjunto de Marcelo Gallardo, que volver\u00e1 a disputar una definici\u00f3n tras 19 a\u00f1os, juega en M\u00e9xico buscando dar el primer paso. Comenzar\u00e1 a las 22. River disputar\u00e1 esta noche, a partir de las 22, la primera final de la Copa Libertadores de Am\u00e9rica cuando a visite a Tigres de Monterrey en M\u00e9xico. El conjunto [&hellip;]<\/p>\n","protected":false},"author":15,"featured_media":29941,"comment_status":"closed","ping_status":"closed","sticky":false,"template":"","format":"standard","meta":{"_seopress_robots_primary_cat":"","_seopress_titles_title":"","_seopress_titles_desc":"","_seopress_robots_index":"","footnotes":""},"categories":[21,2],"tags":[219,925,314,2115,5105],"class_list":["post-29940","post","type-post","status-publish","format-standard","has-post-thumbnail","hentry","category-copa-libertadores","category-futbol","tag-copa-libertadores-2","tag-final","tag-formaciones","tag-previa","tag-river-tigres"],"_links":{"self":[{"href":"https:\/\/www.cordobatimes.com\/deportes\/wp-json\/wp\/v2\/posts\/29940","targetHints":{"allow":["GET"]}}],"collection":[{"href":"https:\/\/www.cordobatimes.com\/deportes\/wp-json\/wp\/v2\/posts"}],"about":[{"href":"https:\/\/www.cordobatimes.com\/deportes\/wp-json\/wp\/v2\/types\/post"}],"author":[{"embeddable":true,"href":"https:\/\/www.cordobatimes.com\/deportes\/wp-json\/wp\/v2\/users\/15"}],"replies":[{"embeddable":true,"href":"https:\/\/www.cordobatimes.com\/deportes\/wp-json\/wp\/v2\/comments?post=29940"}],"version-history":[{"count":0,"href":"https:\/\/www.cordobatimes.com\/deportes\/wp-json\/wp\/v2\/posts\/29940\/revisions"}],"wp:featuredmedia":[{"embeddable":true,"href":"https:\/\/www.cordobatimes.com\/deportes\/wp-json\/wp\/v2\/media\/29941"}],"wp:attachment":[{"href":"https:\/\/www.cordobatimes.com\/deportes\/wp-json\/wp\/v2\/media?parent=29940"}],"wp:term":[{"taxonomy":"category","embeddable":true,"href":"https:\/\/www.cordobatimes.com\/deportes\/wp-json\/wp\/v2\/categories?post=29940"},{"taxonomy":"post_tag","embeddable":true,"href":"https:\/\/www.cordobatimes.com\/deportes\/wp-json\/wp\/v2\/tags?post=29940"}],"curies":[{"name":"wp","href":"https:\/\/api.w.org\/{rel}","templated":true}]}}