{"id":29933,"date":"2015-07-25T22:34:13","date_gmt":"2015-07-26T01:34:13","guid":{"rendered":"http:\/\/www.cordobatimes.com\/deportes\/?p=29933"},"modified":"2015-07-25T22:37:31","modified_gmt":"2015-07-26T01:37:31","slug":"el-karateca-tucumano-miguel-amargos-es-campeon-panamericano","status":"publish","type":"post","link":"https:\/\/www.cordobatimes.com\/deportes\/polideportivo\/2015\/07\/25\/el-karateca-tucumano-miguel-amargos-es-campeon-panamericano\/","title":{"rendered":"El karateca tucumano Miguel Amarg\u00f3s es campe\u00f3n Panamericano"},"content":{"rendered":"<h3><a href=\"http:\/\/www.cordobatimes.com\/deportes\/wp-content\/uploads\/2015\/07\/amargos.jpg\"><img loading=\"lazy\" decoding=\"async\" class=\" size-full wp-image-29934 aligncenter\" src=\"http:\/\/www.cordobatimes.com\/deportes\/wp-content\/uploads\/2015\/07\/amargos.jpg\" alt=\"amargos\" width=\"600\" height=\"336\" data-id=\"29934\" srcset=\"https:\/\/www.cordobatimes.com\/deportes\/wp-content\/uploads\/2015\/07\/amargos.jpg 600w, https:\/\/www.cordobatimes.com\/deportes\/wp-content\/uploads\/2015\/07\/amargos-300x168.jpg 300w\" sizes=\"auto, (max-width: 600px) 100vw, 600px\" \/><\/a><\/h3>\n<h3>El karateca se meti\u00f3 en la historia tras vencer 3 a 1 en rounds al\u00a0salvadore\u00f1o Merino\u00a0en la\u00a0categor\u00eda menor a 84 kilos.<\/h3>\n<p>El karateca tucumano Miguel Amarg\u00f3s\u00a0se alz\u00f3 este s\u00e1bado con otra medalla de oro en karate\u00a0para la Argentina al vencer en la final de los Juegos Panamericanos de Toronto por 3-1 al salvadore\u00f1o Jorge Merino, en la categor\u00eda menor a 84 kilos.<\/p>\n<p>Amarg\u00f3s, de 25 a\u00f1os, hab\u00eda derrotado\u00a0al brasile\u00f1o Marcos Andrade, de Brasil, al ecuatoriano Andr\u00e9s Loor y empatado\u00a0con el mexicano Antonio Guti\u00e9rrez\u00a0en la fase eliminatoria, y en semifinales\u00a0superado\u00a0por 7-1 al venezolano C\u00e9sar Herrera.<\/p>\n<p>As\u00ed, el karate argentino obtuvo en Canad\u00e1\u00a0tres medallas luego de las que conquistaron los porte\u00f1os Juli\u00e1n Pinzas (oro en la categor\u00eda hasta 67 kilos) y Franco Icasati (bronce en 75).<\/p>\n","protected":false},"excerpt":{"rendered":"<p>El karateca se meti\u00f3 en la historia tras vencer 3 a 1 en rounds al\u00a0salvadore\u00f1o Merino\u00a0en la\u00a0categor\u00eda menor a 84 kilos. El karateca tucumano Miguel Amarg\u00f3s\u00a0se alz\u00f3 este s\u00e1bado con otra medalla de oro en karate\u00a0para la Argentina al vencer en la final de los Juegos Panamericanos de Toronto por 3-1 al salvadore\u00f1o Jorge Merino, [&hellip;]<\/p>\n","protected":false},"author":1,"featured_media":29934,"comment_status":"closed","ping_status":"closed","sticky":false,"template":"","format":"standard","meta":{"_seopress_robots_primary_cat":"","_seopress_titles_title":"","_seopress_titles_desc":"","_seopress_robots_index":"","footnotes":""},"categories":[6],"tags":[5541,5535,3641],"class_list":["post-29933","post","type-post","status-publish","format-standard","has-post-thumbnail","hentry","category-polideportivo","tag-amargos","tag-karate","tag-panamericanos"],"_links":{"self":[{"href":"https:\/\/www.cordobatimes.com\/deportes\/wp-json\/wp\/v2\/posts\/29933","targetHints":{"allow":["GET"]}}],"collection":[{"href":"https:\/\/www.cordobatimes.com\/deportes\/wp-json\/wp\/v2\/posts"}],"about":[{"href":"https:\/\/www.cordobatimes.com\/deportes\/wp-json\/wp\/v2\/types\/post"}],"author":[{"embeddable":true,"href":"https:\/\/www.cordobatimes.com\/deportes\/wp-json\/wp\/v2\/users\/1"}],"replies":[{"embeddable":true,"href":"https:\/\/www.cordobatimes.com\/deportes\/wp-json\/wp\/v2\/comments?post=29933"}],"version-history":[{"count":0,"href":"https:\/\/www.cordobatimes.com\/deportes\/wp-json\/wp\/v2\/posts\/29933\/revisions"}],"wp:featuredmedia":[{"embeddable":true,"href":"https:\/\/www.cordobatimes.com\/deportes\/wp-json\/wp\/v2\/media\/29934"}],"wp:attachment":[{"href":"https:\/\/www.cordobatimes.com\/deportes\/wp-json\/wp\/v2\/media?parent=29933"}],"wp:term":[{"taxonomy":"category","embeddable":true,"href":"https:\/\/www.cordobatimes.com\/deportes\/wp-json\/wp\/v2\/categories?post=29933"},{"taxonomy":"post_tag","embeddable":true,"href":"https:\/\/www.cordobatimes.com\/deportes\/wp-json\/wp\/v2\/tags?post=29933"}],"curies":[{"name":"wp","href":"https:\/\/api.w.org\/{rel}","templated":true}]}}