{"id":2993,"date":"2013-11-19T21:38:07","date_gmt":"2013-11-20T00:38:07","guid":{"rendered":"http:\/\/www.cordobatimes.com\/deportes\/?p=2993"},"modified":"2021-08-31T11:19:00","modified_gmt":"2021-08-31T14:19:00","slug":"el-mundial-en-2022-podria-jugarse-entre-noviembre-y-diciembre","status":"publish","type":"post","link":"https:\/\/www.cordobatimes.com\/deportes\/futbol-internacional\/2013\/11\/19\/el-mundial-en-2022-podria-jugarse-entre-noviembre-y-diciembre\/","title":{"rendered":"El Mundial en 2022 podr\u00eda jugarse entre noviembre y diciembre"},"content":{"rendered":"<h3 style=\"text-align: justify;\"><strong>Esto se debe a que en Qatar (donde\u00a0se disputar\u00e1\u00a0la Copa del Mundo ese a\u00f1o) las temperaturas en verano son muy altas, lo que afectar\u00eda a los jugadores y al p\u00fablico en general.\u00a0Joseph Blatter dio el visto bueno y hay que esperar la respuesta de cada confederaci\u00f3n.<\/strong><\/h3>\n<p>&nbsp;<\/p>\n<p style=\"text-align: justify;\">Esto ser\u00eda un hecho in\u00e9dito en la historia de los munidales, que siempre se disputaron entre junio y julio, m\u00e1s all\u00e1 de que en algunos pa\u00edses sea invierno y otros verano en esa \u00e9poca del a\u00f1o. Como se mencion\u00f3, las temperaturas en el pa\u00eds de Medio Oriente son muy altas en verano (a veces por encima de los 50 grados), y esto es algo que afectar\u00eda directamente a toda la organizaci\u00f3n de la Copa del Mundo.<\/p>\n<p style=\"text-align: justify;\">Por esto, el presidente de la FIFA\u00a0sugiri\u00f3 la idea, que gener\u00f3 resistencia en gran parte de los dirigentes del f\u00fatbol europeo:<b>\u00a0<\/b>modificar los calendarios de los diversos campeonatos y poder llevar adelante dicho Mundial mientras se extienda el invierno.\u00a0A pesar de romper con una tradici\u00f3n, desde FIFA dejaron entrever que esto\u00a0ser\u00eda imposible de evitar.<\/p>\n<p style=\"text-align: justify;\">Al respecto, Hassan Al-Thawadi, miembro del Comit\u00e9 Organizador del torneo, asegur\u00f3 que\u00a0sea cual sea la decisi\u00f3n, se adaptar\u00e1n. &#8220;Qatar est\u00e1 dispuesto a organizar el\u00a0Mundial\u00a0tanto en invierno como en verano. Nuestros estadios est\u00e1n concebidos para acoger partidos todo el a\u00f1o&#8221;, afirm\u00f3 al diario\u00a0<i>Le Parisien<\/i>.<\/p>\n<p style=\"text-align: justify;\">\u00bfTendremos Mundial en verano?<\/p>\n<p style=\"text-align: justify;\"><strong>Por Alejandro Russenberger | @ale_russen<\/strong><\/p>\n","protected":false},"excerpt":{"rendered":"<p>Esto se debe a que en Qatar (donde\u00a0se disputar\u00e1\u00a0la Copa del Mundo ese a\u00f1o) las temperaturas en verano son muy altas, lo que afectar\u00eda a los jugadores y al p\u00fablico en general.\u00a0Joseph Blatter dio el visto bueno y hay que esperar la respuesta de cada confederaci\u00f3n. &nbsp; Esto ser\u00eda un hecho in\u00e9dito en la historia [&hellip;]<\/p>\n","protected":false},"author":10,"featured_media":2994,"comment_status":"open","ping_status":"open","sticky":false,"template":"","format":"standard","meta":{"_seopress_robots_primary_cat":"none","_seopress_titles_title":"","_seopress_titles_desc":"","_seopress_robots_index":"","footnotes":""},"categories":[18],"tags":[186,107,108,64,60,709],"class_list":["post-2993","post","type-post","status-publish","format-standard","has-post-thumbnail","hentry","category-futbol-internacional","tag-blatter","tag-copa-del-mundo","tag-fifa","tag-futbol-2","tag-mundial","tag-qatar"],"_links":{"self":[{"href":"https:\/\/www.cordobatimes.com\/deportes\/wp-json\/wp\/v2\/posts\/2993","targetHints":{"allow":["GET"]}}],"collection":[{"href":"https:\/\/www.cordobatimes.com\/deportes\/wp-json\/wp\/v2\/posts"}],"about":[{"href":"https:\/\/www.cordobatimes.com\/deportes\/wp-json\/wp\/v2\/types\/post"}],"author":[{"embeddable":true,"href":"https:\/\/www.cordobatimes.com\/deportes\/wp-json\/wp\/v2\/users\/10"}],"replies":[{"embeddable":true,"href":"https:\/\/www.cordobatimes.com\/deportes\/wp-json\/wp\/v2\/comments?post=2993"}],"version-history":[{"count":0,"href":"https:\/\/www.cordobatimes.com\/deportes\/wp-json\/wp\/v2\/posts\/2993\/revisions"}],"wp:featuredmedia":[{"embeddable":true,"href":"https:\/\/www.cordobatimes.com\/deportes\/wp-json\/wp\/v2\/media\/2994"}],"wp:attachment":[{"href":"https:\/\/www.cordobatimes.com\/deportes\/wp-json\/wp\/v2\/media?parent=2993"}],"wp:term":[{"taxonomy":"category","embeddable":true,"href":"https:\/\/www.cordobatimes.com\/deportes\/wp-json\/wp\/v2\/categories?post=2993"},{"taxonomy":"post_tag","embeddable":true,"href":"https:\/\/www.cordobatimes.com\/deportes\/wp-json\/wp\/v2\/tags?post=2993"}],"curies":[{"name":"wp","href":"https:\/\/api.w.org\/{rel}","templated":true}]}}