{"id":29512,"date":"2015-06-17T18:23:56","date_gmt":"2015-06-17T21:23:56","guid":{"rendered":"http:\/\/www.cordobatimes.com\/deportes\/?p=29512"},"modified":"2015-06-18T01:11:38","modified_gmt":"2015-06-18T04:11:38","slug":"talleres-empato-con-union-de-villa-krause-y-esta-a-un-paso-de-la-clasificacion","status":"publish","type":"post","link":"https:\/\/www.cordobatimes.com\/deportes\/futbol\/2015\/06\/17\/talleres-empato-con-union-de-villa-krause-y-esta-a-un-paso-de-la-clasificacion\/","title":{"rendered":"Talleres empat\u00f3 con Uni\u00f3n de Villa Krause y est\u00e1 a un paso de la clasificaci\u00f3n"},"content":{"rendered":"<p><strong><img loading=\"lazy\" decoding=\"async\" class=\" size-full wp-image-29520 aligncenter\" src=\"http:\/\/www.cordobatimes.com\/deportes\/wp-content\/uploads\/2015\/06\/talleres-en-el-kempes-ante-union.jpg\" alt=\"talleres en el kempes ante union\" width=\"803\" height=\"452\" data-id=\"29520\" srcset=\"https:\/\/www.cordobatimes.com\/deportes\/wp-content\/uploads\/2015\/06\/talleres-en-el-kempes-ante-union.jpg 803w, https:\/\/www.cordobatimes.com\/deportes\/wp-content\/uploads\/2015\/06\/talleres-en-el-kempes-ante-union-300x169.jpg 300w\" sizes=\"auto, (max-width: 803px) 100vw, 803px\" \/><\/strong><\/p>\n<p><strong>El albiazul empez\u00f3 perdiendo ante\u00a0Villa Krause, pero logr\u00f3 empatarlo, pudo haberlo ganado al final. El partido fu\u00e9 disputado en el Kempes, correspondiente a la fecha 11 del Torneo Federal A.\u00a0<\/strong><\/p>\n<p>&nbsp;<\/p>\n<p>La &#8220;T&#8221; llegaba a este partido con el mote de puntero e invicto y deb\u00eda reafirmar esta condici\u00f3n con un buen \u00a0partido, sin embargo en el tramite del encuentro se le complico. Uni\u00f3n de Villa Krause mostr\u00f3 tener un buen funcionamiento, sobre todo en piezas claves como Cesar Molina, Walter Mu\u00f1oz y el ex Gral Paz Juniors, Ezequiel Gaviglio. Fue as\u00ed que termino el primer tiempo con la ventaja del equipo sanjuanino, a trav\u00e9s de su numero 9, Ezequiel Gaviglio, quien aprovecho una serie de errores para estampar el 1 a 0 a los 33 PT.<\/p>\n<p>En el segundo tiempo y a trav\u00e9s de los cambios que dispuso Kudelka en el entretiempo, Talleres mejoro desde lo actitudinal y consigui\u00f3 el empate. La entrada de Ortega por Ereros le dio explosi\u00f3n por la banda, mientras que el ingreso de Francia por Piergiacomi, le dio mas manejo de pelota. Fue as\u00ed, que tras una buena jugada, Ivo Chaves defini\u00f3 ante la salida de Pablo Lucero, para poner el empate 1 a 1 a los 11 minutos del segundo tiempo. Luego del gol, el albiazul careci\u00f3 de ideas para llegar al arco rival y hasta lo pudo ganar la visita, cuando cerca del final Gaviglio estampo un remate en el palo derecho de Lucas Ischuk.<\/p>\n<p>Como positivo para Talleres, es que logro mantener el invito, frente a un rival que jugo un muy buen partido. De esta manera, el matador suma 28 puntos y recibe el pr\u00f3ximo domingo desde las 18 al Deportivo Maip\u00fa (M) en el Kempes.<\/p>\n<p><iframe loading=\"lazy\" src=\"https:\/\/www.youtube.com\/embed\/rF7HpIUay2o\" width=\"520\" height=\"355\" frameborder=\"0\" allowfullscreen=\"allowfullscreen\"><\/iframe><\/p>\n<p><strong>Formaciones:<\/strong><\/p>\n<p><strong>Talleres:<\/strong>\u00a0Lucas Ischuk;\u00a0Ivo Chaves,\u00a0Rodrigo L\u00f3pez,\u00a0Adalberto Goiri,\u00a0Nelson Ben\u00edtez,\u00a0Rodrigo Burgos,\u00a0V\u00edctor Beraldi,\u00a0Ezequiel Barrionuevo,\u00a0Franco Piergiacomi, Sebasti\u00e1n Ereros,\u00a0Javier Vel\u00e1zquez. <strong>DT:<\/strong> Frank Kudelka.<\/p>\n<p><strong>Uni\u00f3n (VK):\u00a0<\/strong>Pablo Lucero,\u00a0Hern\u00e1n Mu\u00f1oz, Guillermo Franco, Carlos Fern\u00e1ndez, Mateo Martinelli,\u00a0Nahuel Olivari,\u00a0Andr\u00e9s Rotundo, Emanuel D\u00e9cimo, Ariel S\u00e1nchez,Alfredo Molina, Ezequiel Gaviglio. <strong>DT:<\/strong> Ra\u00fal Antu\u00f1a.<\/p>\n<p><strong>Hora:<\/strong> 21. TV: Canal 10 y Showsport.<br \/>\n<strong>\u00c1rbitro:<\/strong> Carlos Boxler.<\/p>\n","protected":false},"excerpt":{"rendered":"<p>El albiazul empez\u00f3 perdiendo ante\u00a0Villa Krause, pero logr\u00f3 empatarlo, pudo haberlo ganado al final. El partido fu\u00e9 disputado en el Kempes, correspondiente a la fecha 11 del Torneo Federal A.\u00a0 &nbsp; La &#8220;T&#8221; llegaba a este partido con el mote de puntero e invicto y deb\u00eda reafirmar esta condici\u00f3n con un buen \u00a0partido, sin embargo [&hellip;]<\/p>\n","protected":false},"author":21,"featured_media":29520,"comment_status":"closed","ping_status":"closed","sticky":true,"template":"","format":"standard","meta":{"_seopress_robots_primary_cat":"","_seopress_titles_title":"","_seopress_titles_desc":"","_seopress_robots_index":"","footnotes":""},"categories":[2],"tags":[3658,40,5183],"class_list":["post-29512","post","type-post","status-publish","format-standard","has-post-thumbnail","hentry","category-futbol","tag-federal-a","tag-talleres","tag-union-de-villa-krause-talleres"],"_links":{"self":[{"href":"https:\/\/www.cordobatimes.com\/deportes\/wp-json\/wp\/v2\/posts\/29512","targetHints":{"allow":["GET"]}}],"collection":[{"href":"https:\/\/www.cordobatimes.com\/deportes\/wp-json\/wp\/v2\/posts"}],"about":[{"href":"https:\/\/www.cordobatimes.com\/deportes\/wp-json\/wp\/v2\/types\/post"}],"author":[{"embeddable":true,"href":"https:\/\/www.cordobatimes.com\/deportes\/wp-json\/wp\/v2\/users\/21"}],"replies":[{"embeddable":true,"href":"https:\/\/www.cordobatimes.com\/deportes\/wp-json\/wp\/v2\/comments?post=29512"}],"version-history":[{"count":0,"href":"https:\/\/www.cordobatimes.com\/deportes\/wp-json\/wp\/v2\/posts\/29512\/revisions"}],"wp:featuredmedia":[{"embeddable":true,"href":"https:\/\/www.cordobatimes.com\/deportes\/wp-json\/wp\/v2\/media\/29520"}],"wp:attachment":[{"href":"https:\/\/www.cordobatimes.com\/deportes\/wp-json\/wp\/v2\/media?parent=29512"}],"wp:term":[{"taxonomy":"category","embeddable":true,"href":"https:\/\/www.cordobatimes.com\/deportes\/wp-json\/wp\/v2\/categories?post=29512"},{"taxonomy":"post_tag","embeddable":true,"href":"https:\/\/www.cordobatimes.com\/deportes\/wp-json\/wp\/v2\/tags?post=29512"}],"curies":[{"name":"wp","href":"https:\/\/api.w.org\/{rel}","templated":true}]}}