{"id":29466,"date":"2015-06-09T11:32:39","date_gmt":"2015-06-09T14:32:39","guid":{"rendered":"http:\/\/www.cordobatimes.com\/deportes\/?p=29466"},"modified":"2015-06-09T11:32:39","modified_gmt":"2015-06-09T14:32:39","slug":"messi-y-mascherano-arribaron-a-chile","status":"publish","type":"post","link":"https:\/\/www.cordobatimes.com\/deportes\/futbol\/2015\/06\/09\/messi-y-mascherano-arribaron-a-chile\/","title":{"rendered":"Messi y Mascherano arribaron a Chile"},"content":{"rendered":"<p style=\"text-align: justify;\"><a href=\"http:\/\/www.cordobatimes.com\/deportes\/wp-content\/uploads\/2015\/06\/Messi.jpg\"><img loading=\"lazy\" decoding=\"async\" class=\" size-full wp-image-29467 aligncenter\" src=\"http:\/\/www.cordobatimes.com\/deportes\/wp-content\/uploads\/2015\/06\/Messi.jpg\" alt=\"Messi\" width=\"1000\" height=\"560\" data-id=\"29467\" srcset=\"https:\/\/www.cordobatimes.com\/deportes\/wp-content\/uploads\/2015\/06\/Messi.jpg 1000w, https:\/\/www.cordobatimes.com\/deportes\/wp-content\/uploads\/2015\/06\/Messi-300x168.jpg 300w\" sizes=\"auto, (max-width: 1000px) 100vw, 1000px\" \/><\/a><\/p>\n<h3 style=\"text-align: justify;\">Los futbolistas del Barcelona llegaron a Santiago y cerca del mediod\u00eda estar\u00e1n en La Serena, donde se sumaran a la concentraci\u00f3n con sus compa\u00f1eros.<\/h3>\n<p style=\"text-align: justify;\">\n<p style=\"text-align: justify;\">\n<p style=\"text-align: justify;\">\n<p style=\"text-align: justify;\">Lionel Messi y Javier Mascheraon arribaron esta ma\u00f1ana a Santiago de Chile, y en las pr\u00f3ximas horas lo har\u00e1n a La Serena para completar el plantel argentino con vistas a la Copa Am\u00e9rica que comenzar\u00e1 el jueves, aunque la albiceleste reci\u00e9n debutar\u00e1 el s\u00e1bado.<\/p>\n<p style=\"text-align: justify;\">La Pulga y el Jefecito fueron los \u00faltimos en sumarse debido a que se quedaron en Espa\u00f1a para los festejos del Barcelona por la obtenci\u00f3n de la Champions League. Con este, el conjunto blaugrana cerr\u00f3 una temporada impresionante con las conquistas de la Liga y la Copa del Rey.<\/p>\n<p style=\"text-align: justify;\">Carlos Tevez y Roberto Pereyra, de la Juventus, el otro finalista de la Champions, se hab\u00edan sumado ayer. Ahora, con los 23 jugadores bajo sus \u00f3rdenes, el Tata podr\u00e1 comenzar a delinear el equipo para el debut ante Paraguay.<\/p>\n","protected":false},"excerpt":{"rendered":"<p>Los futbolistas del Barcelona llegaron a Santiago y cerca del mediod\u00eda estar\u00e1n en La Serena, donde se sumaran a la concentraci\u00f3n con sus compa\u00f1eros. Lionel Messi y Javier Mascheraon arribaron esta ma\u00f1ana a Santiago de Chile, y en las pr\u00f3ximas horas lo har\u00e1n a La Serena para completar el plantel argentino con vistas a la [&hellip;]<\/p>\n","protected":false},"author":15,"featured_media":29467,"comment_status":"closed","ping_status":"closed","sticky":false,"template":"","format":"standard","meta":{"_seopress_robots_primary_cat":"","_seopress_titles_title":"","_seopress_titles_desc":"","_seopress_robots_index":"","footnotes":""},"categories":[2],"tags":[33,5425,2954,655,542],"class_list":["post-29466","post","type-post","status-publish","format-standard","has-post-thumbnail","hentry","category-futbol","tag-afa","tag-copa-america-chile-2015","tag-javier-mascherano","tag-lionel-messi","tag-seleccion-argentina"],"_links":{"self":[{"href":"https:\/\/www.cordobatimes.com\/deportes\/wp-json\/wp\/v2\/posts\/29466","targetHints":{"allow":["GET"]}}],"collection":[{"href":"https:\/\/www.cordobatimes.com\/deportes\/wp-json\/wp\/v2\/posts"}],"about":[{"href":"https:\/\/www.cordobatimes.com\/deportes\/wp-json\/wp\/v2\/types\/post"}],"author":[{"embeddable":true,"href":"https:\/\/www.cordobatimes.com\/deportes\/wp-json\/wp\/v2\/users\/15"}],"replies":[{"embeddable":true,"href":"https:\/\/www.cordobatimes.com\/deportes\/wp-json\/wp\/v2\/comments?post=29466"}],"version-history":[{"count":0,"href":"https:\/\/www.cordobatimes.com\/deportes\/wp-json\/wp\/v2\/posts\/29466\/revisions"}],"wp:featuredmedia":[{"embeddable":true,"href":"https:\/\/www.cordobatimes.com\/deportes\/wp-json\/wp\/v2\/media\/29467"}],"wp:attachment":[{"href":"https:\/\/www.cordobatimes.com\/deportes\/wp-json\/wp\/v2\/media?parent=29466"}],"wp:term":[{"taxonomy":"category","embeddable":true,"href":"https:\/\/www.cordobatimes.com\/deportes\/wp-json\/wp\/v2\/categories?post=29466"},{"taxonomy":"post_tag","embeddable":true,"href":"https:\/\/www.cordobatimes.com\/deportes\/wp-json\/wp\/v2\/tags?post=29466"}],"curies":[{"name":"wp","href":"https:\/\/api.w.org\/{rel}","templated":true}]}}