{"id":29430,"date":"2015-06-08T02:59:37","date_gmt":"2015-06-08T05:59:37","guid":{"rendered":"http:\/\/www.cordobatimes.com\/deportes\/?p=29430"},"modified":"2015-06-08T02:59:37","modified_gmt":"2015-06-08T05:59:37","slug":"la-fifa-admitio-que-podria-anular-la-eleccion-de-las-sedes-de-los-mundiales-2018-y-2022","status":"publish","type":"post","link":"https:\/\/www.cordobatimes.com\/deportes\/futbol\/2015\/06\/08\/la-fifa-admitio-que-podria-anular-la-eleccion-de-las-sedes-de-los-mundiales-2018-y-2022\/","title":{"rendered":"La FIFA admiti\u00f3 que podr\u00eda anular la elecci\u00f3n de las sedes de los mundiales 2018 y 2022"},"content":{"rendered":"<p class=\"primero\"><strong><a href=\"http:\/\/www.cordobatimes.com\/deportes\/wp-content\/uploads\/2015\/06\/el-escandalo-en-fifa-2018534w620.jpg\"><img loading=\"lazy\" decoding=\"async\" class=\"  wp-image-29431 aligncenter\" src=\"http:\/\/www.cordobatimes.com\/deportes\/wp-content\/uploads\/2015\/06\/el-escandalo-en-fifa-2018534w620.jpg\" alt=\"el-escandalo-en-fifa-2018534w620\" width=\"743\" height=\"495\" data-id=\"29431\" srcset=\"https:\/\/www.cordobatimes.com\/deportes\/wp-content\/uploads\/2015\/06\/el-escandalo-en-fifa-2018534w620.jpg 620w, https:\/\/www.cordobatimes.com\/deportes\/wp-content\/uploads\/2015\/06\/el-escandalo-en-fifa-2018534w620-300x200.jpg 300w\" sizes=\"auto, (max-width: 743px) 100vw, 743px\" \/><\/a><\/strong><\/p>\n<p class=\"primero\"><strong>La FIFA admiti\u00f3 por primera vez que se podr\u00eda anular el proceso de elecci\u00f3n de las sedes de los mundiales de f\u00fatbol de 2018 y 2022, Rusia y Qatar, respectivamente, si se comprueba que actos de corrupci\u00f3n influyeron de forma determinante en la decisi\u00f3n final.<\/strong><\/p>\n<p class=\"primero\">\n<p>As\u00ed lo se\u00f1al\u00f3 hoy el presidente de la Comisi\u00f3n de Auditor\u00eda y Cumplimiento de la FIFA, Domenico Scala, quien fue el encargado por el presidente en funciones, Joseph Blatter , de dirigir reformas estructurales en la organizaci\u00f3n ante los esc\u00e1ndalos de corrupci\u00f3n que le afectan.<\/p>\n<p>&#8220;Si surgieran pruebas de que la elecci\u00f3n de Qatar y Rusia s\u00f3lo ocurri\u00f3 gracias a la compra de votos, entonces la elecci\u00f3n podr\u00eda ser invalidada&#8221;, declar\u00f3 Domenico al diario suizo SonntagsZeitung, pero indic\u00f3 que tal evidencia todav\u00eda no apareci\u00f3.<\/p>\n<p>La Justicia suiza investiga supuestos actos de corrupci\u00f3n en la designaci\u00f3n de ambas sedes y \u00faltimamente transmiti\u00f3 a una decena de miembros de la FIFA, que integraron el Comit\u00e9 Ejecutivo que en 2010 particip\u00f3 en esa votaci\u00f3n, su inter\u00e9s por reunirse con ellos en relaci\u00f3n a este caso. Se trata de personas que no residen en Suiza y que se encontraban en este pa\u00eds hace diez d\u00edas para participar en el Congreso de la FIFA del que Blatter sali\u00f3 reelegido, para presentar su renuncia cuatro d\u00edas despu\u00e9s.<\/p>\n<p>Seg\u00fan informaciones de prensa, la investigaci\u00f3n de la Justicia de Estados Unidos por corrupci\u00f3n en la FIFA -centrada en la adjudicaci\u00f3n de contratos para la transmisi\u00f3n, publicidad y auspicio de torneos de f\u00fatbol en Latinoam\u00e9rica y EEUU- tambi\u00e9n tiene una vertiente relacionada con la elecci\u00f3n de Rusia y Qatar como sedes de los pr\u00f3ximos mundiales.<\/p>\n<p>La elecci\u00f3n de Qatar fue la m\u00e1s criticada, al tratarse de un pa\u00eds sin tradici\u00f3n ni infraestructura futbol\u00edstica. Adem\u00e1s, fue denunciado por reputadas organizaciones defensoras de los derechos humanos por violaciones a los derechos laborales m\u00e1s elementales en los trabajos de construcci\u00f3n de las obras que requiere la celebraci\u00f3n de la Copa del Mundo en 2022 y en la que emplea en su gran mayor\u00eda a inmigrantes.<\/p>\n","protected":false},"excerpt":{"rendered":"<p>La FIFA admiti\u00f3 por primera vez que se podr\u00eda anular el proceso de elecci\u00f3n de las sedes de los mundiales de f\u00fatbol de 2018 y 2022, Rusia y Qatar, respectivamente, si se comprueba que actos de corrupci\u00f3n influyeron de forma determinante en la decisi\u00f3n final. As\u00ed lo se\u00f1al\u00f3 hoy el presidente de la Comisi\u00f3n de [&hellip;]<\/p>\n","protected":false},"author":1,"featured_media":29431,"comment_status":"closed","ping_status":"closed","sticky":false,"template":"","format":"standard","meta":{"_seopress_robots_primary_cat":"","_seopress_titles_title":"","_seopress_titles_desc":"","_seopress_robots_index":"","footnotes":""},"categories":[2],"tags":[5431,108,4842,5432],"class_list":["post-29430","post","type-post","status-publish","format-standard","has-post-thumbnail","hentry","category-futbol","tag-blater","tag-fifa","tag-mundial-de-qatar","tag-mundial-de-rusia"],"_links":{"self":[{"href":"https:\/\/www.cordobatimes.com\/deportes\/wp-json\/wp\/v2\/posts\/29430","targetHints":{"allow":["GET"]}}],"collection":[{"href":"https:\/\/www.cordobatimes.com\/deportes\/wp-json\/wp\/v2\/posts"}],"about":[{"href":"https:\/\/www.cordobatimes.com\/deportes\/wp-json\/wp\/v2\/types\/post"}],"author":[{"embeddable":true,"href":"https:\/\/www.cordobatimes.com\/deportes\/wp-json\/wp\/v2\/users\/1"}],"replies":[{"embeddable":true,"href":"https:\/\/www.cordobatimes.com\/deportes\/wp-json\/wp\/v2\/comments?post=29430"}],"version-history":[{"count":0,"href":"https:\/\/www.cordobatimes.com\/deportes\/wp-json\/wp\/v2\/posts\/29430\/revisions"}],"wp:featuredmedia":[{"embeddable":true,"href":"https:\/\/www.cordobatimes.com\/deportes\/wp-json\/wp\/v2\/media\/29431"}],"wp:attachment":[{"href":"https:\/\/www.cordobatimes.com\/deportes\/wp-json\/wp\/v2\/media?parent=29430"}],"wp:term":[{"taxonomy":"category","embeddable":true,"href":"https:\/\/www.cordobatimes.com\/deportes\/wp-json\/wp\/v2\/categories?post=29430"},{"taxonomy":"post_tag","embeddable":true,"href":"https:\/\/www.cordobatimes.com\/deportes\/wp-json\/wp\/v2\/tags?post=29430"}],"curies":[{"name":"wp","href":"https:\/\/api.w.org\/{rel}","templated":true}]}}