{"id":29406,"date":"2015-06-06T13:29:06","date_gmt":"2015-06-06T16:29:06","guid":{"rendered":"http:\/\/www.cordobatimes.com\/deportes\/?p=29406"},"modified":"2015-06-06T13:29:06","modified_gmt":"2015-06-06T16:29:06","slug":"argentina-recibe-a-bolivia-en-un-amistoso-de-preparacion-para-la-copa-america","status":"publish","type":"post","link":"https:\/\/www.cordobatimes.com\/deportes\/futbol\/2015\/06\/06\/argentina-recibe-a-bolivia-en-un-amistoso-de-preparacion-para-la-copa-america\/","title":{"rendered":"Argentina recibe a Bolivia en un amistoso de preparaci\u00f3n para la Copa Am\u00e9rica"},"content":{"rendered":"<p style=\"text-align: justify;\"><a href=\"http:\/\/www.cordobatimes.com\/deportes\/wp-content\/uploads\/2015\/06\/Argentina.jpg\"><img loading=\"lazy\" decoding=\"async\" class=\" size-full wp-image-29407 aligncenter\" src=\"http:\/\/www.cordobatimes.com\/deportes\/wp-content\/uploads\/2015\/06\/Argentina.jpg\" alt=\"Argentina\" width=\"1000\" height=\"560\" data-id=\"29407\" srcset=\"https:\/\/www.cordobatimes.com\/deportes\/wp-content\/uploads\/2015\/06\/Argentina.jpg 1000w, https:\/\/www.cordobatimes.com\/deportes\/wp-content\/uploads\/2015\/06\/Argentina-300x168.jpg 300w\" sizes=\"auto, (max-width: 1000px) 100vw, 1000px\" \/><\/a><\/p>\n<h3 style=\"text-align: justify;\">La Selecci\u00f3n nacional juega desde las 20 ante su par de Bolivia en el estadio Bicentenario de San Juan. Ser\u00e1 el \u00faltimo amistoso antes del arranque de la Copa Am\u00e9rica de Chile.<\/h3>\n<p style=\"text-align: justify;\">\n<p style=\"text-align: justify;\">\n<p style=\"text-align: justify;\">\n<p style=\"text-align: justify;\">La Selecci\u00f3n Argentina de F\u00fatbol juega esta noche, a partir de las 20, ante Bolivia en lo que significar\u00e1 el \u00faltimo amistoso previo al comienzo de la\u00a0Copa Am\u00e9rica que se disputar\u00e1 en Chile.<\/p>\n<p style=\"text-align: justify;\">El cotejo se disputar\u00e1 en el estadio Bicentenario de San Juan a partir de las 20, ser\u00e1 controlado por el chileno Jorge Osorio y lo podr\u00e1s disfrutar en vivo y en directo por TyC Sports y TyC Sports Play (la previa arrancar\u00e1 a las 18.30).<\/p>\n<p style=\"text-align: justify;\">Dicho choque servir\u00e1 a Gerardo Martino para observar a algunos futbolistas y comenzar a diagramas lo que ser\u00e1 la formaci\u00f3n para el m\u00e1ximo torneo continental, certamen que la Argentina no gana desde 1993.<\/p>\n<p style=\"text-align: justify;\">Esta situaci\u00f3n dio origen por las participaciones del crack y capit\u00e1n Lionel Messi y el volante Javier Mascherano, m\u00e1s Carlos Tevez y el mediocampista Roberto Pereyra, en Barcelona de Espa\u00f1a y Juventus de Italia, respectivamente, por la final de la Liga de Campeones de Europa en Berl\u00edn, Alemania.A su vez, Pablo Zabaleta tampoco estar\u00e1 por una molestia en el tobillo.<\/p>\n<p style=\"text-align: justify;\">Por su parte, el DT del seleccionado boliviano de f\u00fatbol, Mauricio Soria, aun no confirm\u00f3 el equipo porque aguardar\u00e1 la recuperaci\u00f3n f\u00edsica del hist\u00f3rico defensor Ronald Raldes, ex Rosario Central y Col\u00f3n de Santa Fe. En caso que no sea de la partida, su lugar ser\u00e1 ocupado por Ronald Equino.<\/p>\n<p style=\"text-align: justify;\"><strong>Probables Formaciones:<\/strong><\/p>\n<p style=\"text-align: justify;\"><strong>Argentina:<\/strong> Sergio\u00a0Romero; Facundo\u00a0Roncaglia, Ezequiel\u00a0Garay, Nicol\u00e1s Otamendi, Marcos Rojo; Ever\u00a0Banega, Fernando\u00a0Gago, Javier\u00a0Pastore; Ezequiel\u00a0Lavezzi, Sergio\u00a0Ag\u00fcero y Angel Di Mar\u00eda<\/p>\n<p><strong>Bolivia:<\/strong> Romel Qui\u00f1\u00f3nez; Miguel Hurtado, Ronald Eguino o Raldes, Edward Zenteno y Leonel Morales; Danny Bejarano, Damir Miranda, Martin Smdberg y Pablo Esc\u00f3bar; Dami\u00e1n Lizio; Marcelo Martins. DT: Mauricio Soria.<\/p>\n<p style=\"text-align: justify;\">\n","protected":false},"excerpt":{"rendered":"<p>La Selecci\u00f3n nacional juega desde las 20 ante su par de Bolivia en el estadio Bicentenario de San Juan. Ser\u00e1 el \u00faltimo amistoso antes del arranque de la Copa Am\u00e9rica de Chile. La Selecci\u00f3n Argentina de F\u00fatbol juega esta noche, a partir de las 20, ante Bolivia en lo que significar\u00e1 el \u00faltimo amistoso previo [&hellip;]<\/p>\n","protected":false},"author":15,"featured_media":29407,"comment_status":"closed","ping_status":"closed","sticky":false,"template":"","format":"standard","meta":{"_seopress_robots_primary_cat":"","_seopress_titles_title":"","_seopress_titles_desc":"","_seopress_robots_index":"","footnotes":""},"categories":[2],"tags":[33,694,5424,5425,2803,2115,542],"class_list":["post-29406","post","type-post","status-publish","format-standard","has-post-thumbnail","hentry","category-futbol","tag-afa","tag-amistoso","tag-argentina-bolivia","tag-copa-america-chile-2015","tag-gerardo-martino","tag-previa","tag-seleccion-argentina"],"_links":{"self":[{"href":"https:\/\/www.cordobatimes.com\/deportes\/wp-json\/wp\/v2\/posts\/29406","targetHints":{"allow":["GET"]}}],"collection":[{"href":"https:\/\/www.cordobatimes.com\/deportes\/wp-json\/wp\/v2\/posts"}],"about":[{"href":"https:\/\/www.cordobatimes.com\/deportes\/wp-json\/wp\/v2\/types\/post"}],"author":[{"embeddable":true,"href":"https:\/\/www.cordobatimes.com\/deportes\/wp-json\/wp\/v2\/users\/15"}],"replies":[{"embeddable":true,"href":"https:\/\/www.cordobatimes.com\/deportes\/wp-json\/wp\/v2\/comments?post=29406"}],"version-history":[{"count":0,"href":"https:\/\/www.cordobatimes.com\/deportes\/wp-json\/wp\/v2\/posts\/29406\/revisions"}],"wp:featuredmedia":[{"embeddable":true,"href":"https:\/\/www.cordobatimes.com\/deportes\/wp-json\/wp\/v2\/media\/29407"}],"wp:attachment":[{"href":"https:\/\/www.cordobatimes.com\/deportes\/wp-json\/wp\/v2\/media?parent=29406"}],"wp:term":[{"taxonomy":"category","embeddable":true,"href":"https:\/\/www.cordobatimes.com\/deportes\/wp-json\/wp\/v2\/categories?post=29406"},{"taxonomy":"post_tag","embeddable":true,"href":"https:\/\/www.cordobatimes.com\/deportes\/wp-json\/wp\/v2\/tags?post=29406"}],"curies":[{"name":"wp","href":"https:\/\/api.w.org\/{rel}","templated":true}]}}